{"id":936,"date":"2021-04-22T15:20:17","date_gmt":"2021-04-22T18:20:17","guid":{"rendered":"http:\/\/logmed.net\/?p=936"},"modified":"2021-04-22T15:20:17","modified_gmt":"2021-04-22T18:20:17","slug":"sou-parte-conheca-o-salvador-lider-de-transporte-da-logmed","status":"publish","type":"post","link":"https:\/\/logmed.net\/?p=936","title":{"rendered":"SOU PARTE: CONHE\u00c7A O SALVADOR, L\u00cdDER DE TRANSPORTE DA LOGMED!"},"content":{"rendered":"<p>Conhe\u00e7a Salvador Lopes Neto, 33 anos, l\u00edder de transporte na <strong><a href=\"http:\/\/logmed.net\/nossas-unidades\/\">LogMed Valinhos<\/a> <\/strong>e o destaque do \u201cSou Parte\u201d dessa semana.<\/p>\n<p>Com quase cinco anos de empresa, Salvador j\u00e1 passou por v\u00e1rios fun\u00e7\u00f5es e cargos na <a href=\"http:\/\/logmed.net\/logmed\/\"><strong>LogMed<\/strong><\/a>. Em julho de 2016, entrou como auxiliar de log\u00edstica e foi promovido, um ano depois, para assistente de log\u00edstica.<\/p>\n<p>Sua \u00faltima promo\u00e7\u00e3o aconteceu em fevereiro de 2019 e, desde ent\u00e3o, ele atua como l\u00edder de logistica nas opera\u00e7\u00f5es de transporte da unidade.<\/p>\n<p>Segundo Sara Miacci, coordenadora de RH da LogMed, Salvador se destaca por sua parceria e atua\u00e7\u00e3o junto aos colaboradores e motoristas. A maneira como se envolve e se preocupa em ser parte da solu\u00e7\u00e3o, faz com que seu time esteja sempre motivado para atenderem os clientes com a qualidade e efici\u00eancia que precisam para salvar vidas em todo pa\u00eds.<\/p>\n<p>Com certeza ter passado por v\u00e1rios cargos e \u00e1reas da empresa ajudaram Salvador a entender a import\u00e2ncia de cada etapa da solu\u00e7\u00e3o log\u00edstica. Apenas com essa sincronia, comprometimento, esp\u00edrito de equipe \u00e9 que conseguimos ser sempre melhores no que fazemos e focados e ser solu\u00e7\u00e3o para cada um dos problemas espec\u00edficos de nossos clientes.<\/p>\n<p><img loading=\"lazy\" decoding=\"async\" class=\"alignnone size-medium wp-image-937\" src=\"http:\/\/logmed.net\/wp-content\/uploads\/2021\/04\/WhatsApp-Image-2021-04-20-at-11.42.22-600x600.jpeg\" alt=\"SOU PARTE: CONHE\u00c7A O SALVADOR, L\u00cdDER DE TRANSPORTE DA LOGMED!\" width=\"600\" height=\"600\" \/><br \/>\n<a href=\"https:\/\/www.instagram.com\/explore\/tags\/logisticaparasalvarvidas\/\">#logisticaparasalvarvidas<\/a>\u00a0<a href=\"https:\/\/www.instagram.com\/explore\/tags\/solucoeslogisticas\/\">#solucoeslogisticas<\/a>\u00a0<a href=\"https:\/\/www.instagram.com\/explore\/tags\/gestaocadeialogistica\/\">#gestaocadeialogistica<\/a>\u00a0<a href=\"https:\/\/www.instagram.com\/explore\/tags\/souparte\/\">#souparte<\/a>\u00a0<a href=\"https:\/\/www.instagram.com\/explore\/tags\/colaboradorlogmed\/\">#colaboradorlogmed<\/a>\u00a0<a href=\"https:\/\/www.instagram.com\/explore\/tags\/salvarvidas\/\">#salvarvidas<\/a><\/p>\n<p>&nbsp;<\/p>\n<p>&nbsp;<\/p>\n","protected":false},"excerpt":{"rendered":"<p>Conhe\u00e7a Salvador Lopes Neto, 33 anos, l\u00edder de transporte na LogMed Valinhos e o destaque do \u201cSou Parte\u201d dessa semana. Com quase cinco anos de empresa, Salvador j\u00e1 passou por v\u00e1rios fun\u00e7\u00f5es e cargos na LogMed. Em julho de 2016, entrou como auxiliar de log\u00edstica e foi promovido, um ano depois, para assistente de log\u00edstica. Sua \u00faltima promo\u00e7\u00e3o aconteceu em fevereiro de 2019 e, desde ent\u00e3o, ele atua como l\u00edder de logistica nas opera\u00e7\u00f5es de transporte da unidade. Segundo Sara Miacci, coordenadora de RH da LogMed, Salvador se destaca por sua parceria e atua\u00e7\u00e3o junto aos colaboradores e motoristas. A maneira como se envolve e se preocupa em ser parte da solu\u00e7\u00e3o, faz com que seu time esteja sempre motivado para atenderem os clientes com a qualidade e efici\u00eancia que precisam para salvar vidas em todo pa\u00eds. Com certeza ter passado por v\u00e1rios cargos e \u00e1reas da empresa ajudaram Salvador a entender a import\u00e2ncia de cada etapa da solu\u00e7\u00e3o log\u00edstica. Apenas com essa sincronia, comprometimento, esp\u00edrito de equipe \u00e9 que conseguimos ser sempre melhores no que fazemos e focados e ser solu\u00e7\u00e3o para cada um dos problemas espec\u00edficos de nossos clientes. #logisticaparasalvarvidas\u00a0#solucoeslogisticas\u00a0#gestaocadeialogistica\u00a0#souparte\u00a0#colaboradorlogmed\u00a0#salvarvidas &nbsp; &nbsp;<\/p>\n","protected":false},"author":2,"featured_media":15826,"comment_status":"open","ping_status":"open","sticky":false,"template":"","format":"standard","meta":{"footnotes":""},"categories":[13],"tags":[],"class_list":["post-936","post","type-post","status-publish","format-standard","has-post-thumbnail","hentry","category-souparte"],"_links":{"self":[{"href":"https:\/\/logmed.net\/index.php?rest_route=\/wp\/v2\/posts\/936","targetHints":{"allow":["GET"]}}],"collection":[{"href":"https:\/\/logmed.net\/index.php?rest_route=\/wp\/v2\/posts"}],"about":[{"href":"https:\/\/logmed.net\/index.php?rest_route=\/wp\/v2\/types\/post"}],"author":[{"embeddable":true,"href":"https:\/\/logmed.net\/index.php?rest_route=\/wp\/v2\/users\/2"}],"replies":[{"embeddable":true,"href":"https:\/\/logmed.net\/index.php?rest_route=%2Fwp%2Fv2%2Fcomments&post=936"}],"version-history":[{"count":0,"href":"https:\/\/logmed.net\/index.php?rest_route=\/wp\/v2\/posts\/936\/revisions"}],"wp:featuredmedia":[{"embeddable":true,"href":"https:\/\/logmed.net\/index.php?rest_route=\/wp\/v2\/media\/15826"}],"wp:attachment":[{"href":"https:\/\/logmed.net\/index.php?rest_route=%2Fwp%2Fv2%2Fmedia&parent=936"}],"wp:term":[{"taxonomy":"category","embeddable":true,"href":"https:\/\/logmed.net\/index.php?rest_route=%2Fwp%2Fv2%2Fcategories&post=936"},{"taxonomy":"post_tag","embeddable":true,"href":"https:\/\/logmed.net\/index.php?rest_route=%2Fwp%2Fv2%2Ftags&post=936"}],"curies":[{"name":"wp","href":"https:\/\/api.w.org\/{rel}","templated":true}]}}