{"id":879,"date":"2021-03-23T20:28:10","date_gmt":"2021-03-23T20:28:10","guid":{"rendered":"http:\/\/logmed.net\/?p=879"},"modified":"2021-03-23T20:28:10","modified_gmt":"2021-03-23T20:28:10","slug":"sou-parte-conheca-o-emerson-auxiliar-de-logistica-da-logmed","status":"publish","type":"post","link":"https:\/\/logmed.net\/?p=879","title":{"rendered":"Sou parte: conhe\u00e7a o Emerson, auxiliar de log\u00edstica da LogMed!"},"content":{"rendered":"<p>Hoje, no \u201cSou Parte\u201d, vamos falar do colaborador Emerson Cabral, 29 anos e nascido em Recife.<\/p>\n<p>Emerson mudou para S\u00e3o Jos\u00e9 dos Campos (SP), cidade onde est\u00e1 localizada a matriz da <a href=\"http:\/\/logmed.net\/logmed\/\"><strong>LogMed<\/strong><\/a>, em 2018. Por\u00e9m, foi apenas no final de 2019 que entrou na empresa para atuar em uma vaga tempor\u00e1ria durante dois meses.<\/p>\n<p>No come\u00e7o de 2020, Emerson foi efetivado como auxiliar de log\u00edstica \u00e1rea de adequa\u00e7\u00e3o e logo depois assumiu a opera\u00e7\u00e3o do cliente Meditronic.<\/p>\n<p>Para marcar ainda mais sua trajet\u00f3ria na <a href=\"http:\/\/logmed.net\/logmed\/\"><strong>LogMed<\/strong><\/a>, em novembro de 2020, ele participou do InovaLog, programa de inova\u00e7\u00e3o da LogMed. Ele e o time conquistaram o primeiro lugar apresentando uma solu\u00e7\u00e3o para o processo de logistica reversa da Meditronic que gerou melhorias no setor operacional sem gerar custo. Al\u00e9m disso, nos destacamos por utilizar material recicl\u00e1vel na armazenagem para redu\u00e7\u00e3o de custos.<\/p>\n<p>Apesar do progresso de sua carreira, o colaborador declara que o mais gratificante \u00e9 ter um prop\u00f3sito pelo qual trabalhar. \u201cFa\u00e7o parte de um time que ajuda a salvar vidas todos os dias e isso vale mais do que qualquer primeiro lugar.\u201d<\/p>\n<p><strong><a href=\"https:\/\/lnkd.in\/dQeYg5u\">Confira a mensagem do \u00c9merson em nossa s\u00e9rie \u201cSou Parte\u201d no IGTV<\/a><\/strong><\/p>\n<p><img loading=\"lazy\" decoding=\"async\" class=\"alignnone size-medium wp-image-880\" src=\"http:\/\/logmed.net\/wp-content\/uploads\/2021\/03\/WhatsApp-Image-2021-03-16-at-18.10.48-1-600x600.jpeg\" alt=\"SOU PARTE: CONHE\u00c7A O EMERSON, AUXILIAR DE LOG\u00cdSTICA DA LOGMED!\" width=\"600\" height=\"600\" \/><br \/>\n<a href=\"https:\/\/www.linkedin.com\/feed\/hashtag\/?keywords=logisticaparasalvarvidas&amp;highlightedUpdateUrns=urn%3Ali%3Aactivity%3A6780253367626162176\" data-attribute-index=\"0\">#logisticaparasalvarvidas<\/a>\u00a0<a href=\"https:\/\/www.linkedin.com\/feed\/hashtag\/?keywords=solucoeslogisticas&amp;highlightedUpdateUrns=urn%3Ali%3Aactivity%3A6780253367626162176\" data-attribute-index=\"1\">#solucoeslogisticas<\/a>\u00a0<a href=\"https:\/\/www.linkedin.com\/feed\/hashtag\/?keywords=souparte&amp;highlightedUpdateUrns=urn%3Ali%3Aactivity%3A6780253367626162176\" data-attribute-index=\"2\">#souparte<\/a>\u00a0<a href=\"https:\/\/www.linkedin.com\/feed\/hashtag\/?keywords=salvarvidas&amp;highlightedUpdateUrns=urn%3Ali%3Aactivity%3A6780253367626162176\" data-attribute-index=\"3\">#salvarvidas<\/a><\/p>\n","protected":false},"excerpt":{"rendered":"<p>Hoje, no \u201cSou Parte\u201d, vamos falar do colaborador Emerson Cabral, 29 anos e nascido em Recife. Emerson mudou para S\u00e3o Jos\u00e9 dos Campos (SP), cidade onde est\u00e1 localizada a matriz da LogMed, em 2018. Por\u00e9m, foi apenas no final de 2019 que entrou na empresa para atuar em uma vaga tempor\u00e1ria durante dois meses. No come\u00e7o de 2020, Emerson foi efetivado como auxiliar de log\u00edstica \u00e1rea de adequa\u00e7\u00e3o e logo depois assumiu a opera\u00e7\u00e3o do cliente Meditronic. Para marcar ainda mais sua trajet\u00f3ria na LogMed, em novembro de 2020, ele participou do InovaLog, programa de inova\u00e7\u00e3o da LogMed. Ele e o time conquistaram o primeiro lugar apresentando uma solu\u00e7\u00e3o para o processo de logistica reversa da Meditronic que gerou melhorias no setor operacional sem gerar custo. Al\u00e9m disso, nos destacamos por utilizar material recicl\u00e1vel na armazenagem para redu\u00e7\u00e3o de custos. Apesar do progresso de sua carreira, o colaborador declara que o mais gratificante \u00e9 ter um prop\u00f3sito pelo qual trabalhar. \u201cFa\u00e7o parte de um time que ajuda a salvar vidas todos os dias e isso vale mais do que qualquer primeiro lugar.\u201d Confira a mensagem do \u00c9merson em nossa s\u00e9rie \u201cSou Parte\u201d no IGTV #logisticaparasalvarvidas\u00a0#solucoeslogisticas\u00a0#souparte\u00a0#salvarvidas<\/p>\n","protected":false},"author":2,"featured_media":15838,"comment_status":"open","ping_status":"open","sticky":false,"template":"","format":"standard","meta":{"footnotes":""},"categories":[13],"tags":[],"class_list":["post-879","post","type-post","status-publish","format-standard","has-post-thumbnail","hentry","category-souparte"],"_links":{"self":[{"href":"https:\/\/logmed.net\/index.php?rest_route=\/wp\/v2\/posts\/879","targetHints":{"allow":["GET"]}}],"collection":[{"href":"https:\/\/logmed.net\/index.php?rest_route=\/wp\/v2\/posts"}],"about":[{"href":"https:\/\/logmed.net\/index.php?rest_route=\/wp\/v2\/types\/post"}],"author":[{"embeddable":true,"href":"https:\/\/logmed.net\/index.php?rest_route=\/wp\/v2\/users\/2"}],"replies":[{"embeddable":true,"href":"https:\/\/logmed.net\/index.php?rest_route=%2Fwp%2Fv2%2Fcomments&post=879"}],"version-history":[{"count":0,"href":"https:\/\/logmed.net\/index.php?rest_route=\/wp\/v2\/posts\/879\/revisions"}],"wp:featuredmedia":[{"embeddable":true,"href":"https:\/\/logmed.net\/index.php?rest_route=\/wp\/v2\/media\/15838"}],"wp:attachment":[{"href":"https:\/\/logmed.net\/index.php?rest_route=%2Fwp%2Fv2%2Fmedia&parent=879"}],"wp:term":[{"taxonomy":"category","embeddable":true,"href":"https:\/\/logmed.net\/index.php?rest_route=%2Fwp%2Fv2%2Fcategories&post=879"},{"taxonomy":"post_tag","embeddable":true,"href":"https:\/\/logmed.net\/index.php?rest_route=%2Fwp%2Fv2%2Ftags&post=879"}],"curies":[{"name":"wp","href":"https:\/\/api.w.org\/{rel}","templated":true}]}}