{"id":861,"date":"2021-03-16T19:14:48","date_gmt":"2021-03-16T22:14:48","guid":{"rendered":"http:\/\/logmed.net\/?p=861"},"modified":"2021-03-16T19:14:48","modified_gmt":"2021-03-16T22:14:48","slug":"faco-parte-logmed-conheca-o-gabriel-nosso-lider-da-adequacao","status":"publish","type":"post","link":"https:\/\/logmed.net\/?p=861","title":{"rendered":"Sou parte: conhe\u00e7a o Gabriel, l\u00edder de adequa\u00e7\u00e3o da LogMed!"},"content":{"rendered":"<p>Gabriel Victor, 24 anos, entrou na <a href=\"http:\/\/logmed.net\/logmed\/\">LogMed<\/a> como auxiliar de log\u00edstica em 2019. Durante sua carreira na empresa, foi promovido para assistente e, atualmente, lidera o time de adequa\u00e7\u00e3o.<\/p>\n<p>Em novembro do ano passado, ele participou do InovaLog, programa de inova\u00e7\u00e3o da <a href=\"http:\/\/logmed.net\/logmed\/\">LogMed<\/a> que visa motivar colaboradores a serem parte das solu\u00e7\u00f5es de inova\u00e7\u00e3o, redu\u00e7\u00e3o de custo e aumento de faturamento.<\/p>\n<p>O time do Gabriel conquistou o segundo lugar com um projeto sobre identifica\u00e7\u00e3o de produtos com tecnologia RFID, cujo objetivo \u00e9 gest\u00e3o de estoque mais eficiente, maior seguran\u00e7a na separa\u00e7\u00e3o dos pedidos e agilidade dos processos.<\/p>\n<p>\u201c\u00c9 bom participar de a\u00e7\u00f5es em que a empresa est\u00e1 aberta para ouvir nossas ideias. \u00c9 gratificante agregar valor ao time com solu\u00e7\u00f5es que podem at\u00e9 mesmo se tornar parte da nossa rotina.\u201d, afirma Gabriel.<\/p>\n<p>Antes de entrar na<a href=\"http:\/\/logmed.net\/logmed\/\"> LogMed<\/a>, Gabriel trabalhou com suprimentos em hospitais e percebeu de perto as necessidades, desafios e a import\u00e2ncia da opera\u00e7\u00e3o log\u00edstica.<\/p>\n<p>\u201cAcordar todo dia com a miss\u00e3o de SALVAR VIDAS \u00e9 o que me motiva a ser um profissional cada vez melhor. Aqui na LogMed, sei que meu trabalho faz a diferen\u00e7a!\u201d, declara Gabriel.<\/p>\n<p><img loading=\"lazy\" decoding=\"async\" class=\"alignnone size-medium wp-image-862\" src=\"http:\/\/logmed.net\/wp-content\/uploads\/2021\/03\/WhatsApp-Image-2021-03-16-at-18.09.09-600x600.jpeg\" alt=\"\" width=\"600\" height=\"600\" \/><\/p>\n<p>#logisticaparasalvarvidas #solucoeslogisticas #souparte #salvarvidas<\/p>\n","protected":false},"excerpt":{"rendered":"<p>Gabriel Victor, 24 anos, entrou na LogMed como auxiliar de log\u00edstica em 2019. Durante sua carreira na empresa, foi promovido para assistente e, atualmente, lidera o time de adequa\u00e7\u00e3o. Em novembro do ano passado, ele participou do InovaLog, programa de inova\u00e7\u00e3o da LogMed que visa motivar colaboradores a serem parte das solu\u00e7\u00f5es de inova\u00e7\u00e3o, redu\u00e7\u00e3o de custo e aumento de faturamento. O time do Gabriel conquistou o segundo lugar com um projeto sobre identifica\u00e7\u00e3o de produtos com tecnologia RFID, cujo objetivo \u00e9 gest\u00e3o de estoque mais eficiente, maior seguran\u00e7a na separa\u00e7\u00e3o dos pedidos e agilidade dos processos. \u201c\u00c9 bom participar de a\u00e7\u00f5es em que a empresa est\u00e1 aberta para ouvir nossas ideias. \u00c9 gratificante agregar valor ao time com solu\u00e7\u00f5es que podem at\u00e9 mesmo se tornar parte da nossa rotina.\u201d, afirma Gabriel. Antes de entrar na LogMed, Gabriel trabalhou com suprimentos em hospitais e percebeu de perto as necessidades, desafios e a import\u00e2ncia da opera\u00e7\u00e3o log\u00edstica. \u201cAcordar todo dia com a miss\u00e3o de SALVAR VIDAS \u00e9 o que me motiva a ser um profissional cada vez melhor. Aqui na LogMed, sei que meu trabalho faz a diferen\u00e7a!\u201d, declara Gabriel. #logisticaparasalvarvidas #solucoeslogisticas #souparte #salvarvidas<\/p>\n","protected":false},"author":2,"featured_media":15841,"comment_status":"open","ping_status":"open","sticky":false,"template":"","format":"standard","meta":{"footnotes":""},"categories":[13],"tags":[],"class_list":["post-861","post","type-post","status-publish","format-standard","has-post-thumbnail","hentry","category-souparte"],"_links":{"self":[{"href":"https:\/\/logmed.net\/index.php?rest_route=\/wp\/v2\/posts\/861","targetHints":{"allow":["GET"]}}],"collection":[{"href":"https:\/\/logmed.net\/index.php?rest_route=\/wp\/v2\/posts"}],"about":[{"href":"https:\/\/logmed.net\/index.php?rest_route=\/wp\/v2\/types\/post"}],"author":[{"embeddable":true,"href":"https:\/\/logmed.net\/index.php?rest_route=\/wp\/v2\/users\/2"}],"replies":[{"embeddable":true,"href":"https:\/\/logmed.net\/index.php?rest_route=%2Fwp%2Fv2%2Fcomments&post=861"}],"version-history":[{"count":0,"href":"https:\/\/logmed.net\/index.php?rest_route=\/wp\/v2\/posts\/861\/revisions"}],"wp:featuredmedia":[{"embeddable":true,"href":"https:\/\/logmed.net\/index.php?rest_route=\/wp\/v2\/media\/15841"}],"wp:attachment":[{"href":"https:\/\/logmed.net\/index.php?rest_route=%2Fwp%2Fv2%2Fmedia&parent=861"}],"wp:term":[{"taxonomy":"category","embeddable":true,"href":"https:\/\/logmed.net\/index.php?rest_route=%2Fwp%2Fv2%2Fcategories&post=861"},{"taxonomy":"post_tag","embeddable":true,"href":"https:\/\/logmed.net\/index.php?rest_route=%2Fwp%2Fv2%2Ftags&post=861"}],"curies":[{"name":"wp","href":"https:\/\/api.w.org\/{rel}","templated":true}]}}