{"id":17628,"date":"2025-01-09T12:27:16","date_gmt":"2025-01-09T15:27:16","guid":{"rendered":"https:\/\/logmed.net\/?p=17628"},"modified":"2025-03-31T12:28:19","modified_gmt":"2025-03-31T15:28:19","slug":"janeiro-na-logmed-a-saude-mental-tambem-importa","status":"publish","type":"post","link":"https:\/\/logmed.net\/?p=17628","title":{"rendered":"Janeiro na Logmed: a sa\u00fade mental tamb\u00e9m importa"},"content":{"rendered":"\n<p>Em tempos de burnout, depress\u00e3o e ansiedade t\u00e3o faladas e vividas no mundo, a LogMed, acredita que cuidar da sa\u00fade mental \u00e9 t\u00e3o importante quanto cuidar da sa\u00fade f\u00edsica &#8211; e n\u00e3o somente no Janeiro Branco &#8211; que nos convida a refletir sobre o bem-estar emocional, destacando a import\u00e2ncia de um ambiente equilibrado, acolhedor e que valorize as pessoas &#8211; mas no dia a dia das pessoas.<br><br>E n\u00e3o \u00e9 \u00e0 toa que, pelo terceiro ano consecutivo, na Logmed fomos reconhecidos como um Great Place to Work, quando um dos pilares mais valorizados pelos nossos colaboradores \u00e9 exatamente o ambiente agrad\u00e1vel e acolhedor que constru\u00edmos juntos, onde todos podem dar o seu melhor e se sentirem parte da empresa &#8211; transbordando sentimento de pertencimento, como uma fam\u00edlia.<br><br>E na log\u00edstica m\u00e9dico-hospitalar, nosso trabalho impacta diretamente vidas, e para entregar o melhor e fazer a diferen\u00e7a, tamb\u00e9m precisamos estar bem.<br><br>Aqui sempre refor\u00e7amos nosso compromisso em a\u00e7\u00f5es que promovem o autocuidado, a empatia e o apoio m\u00fatuo, para que cada colaborador se sinta amparado e valorizado &#8211; mas tamb\u00e9m oferecemos benef\u00edcios como Gympass e Auster para cuidar da sa\u00fade f\u00edsica e mental, para uma pr\u00e1tica de vida saud\u00e1vel.<br><br>Vamos juntos fazer de 2025 um ano de mais sa\u00fade, em todos os aspectos!<\/p>\n\n\n\n<figure class=\"wp-block-image size-full\"><img loading=\"lazy\" decoding=\"async\" width=\"800\" height=\"800\" src=\"https:\/\/logmed.net\/wp-content\/uploads\/2025\/03\/1736381326491-1.jpeg\" alt=\"\" class=\"wp-image-17629\" srcset=\"https:\/\/logmed.net\/wp-content\/uploads\/2025\/03\/1736381326491-1.jpeg 800w, https:\/\/logmed.net\/wp-content\/uploads\/2025\/03\/1736381326491-1-300x300.jpeg 300w, https:\/\/logmed.net\/wp-content\/uploads\/2025\/03\/1736381326491-1-150x150.jpeg 150w, https:\/\/logmed.net\/wp-content\/uploads\/2025\/03\/1736381326491-1-768x768.jpeg 768w, https:\/\/logmed.net\/wp-content\/uploads\/2025\/03\/1736381326491-1-80x80.jpeg 80w, https:\/\/logmed.net\/wp-content\/uploads\/2025\/03\/1736381326491-1-500x500.jpeg 500w\" sizes=\"auto, (max-width: 800px) 100vw, 800px\" \/><\/figure>\n","protected":false},"excerpt":{"rendered":"<p>Em tempos de burnout, depress\u00e3o e ansiedade t\u00e3o faladas e vividas no mundo, a LogMed, acredita que cuidar da sa\u00fade mental \u00e9 t\u00e3o importante quanto cuidar da sa\u00fade f\u00edsica &#8211; e n\u00e3o somente no Janeiro Branco &#8211; que nos convida a refletir sobre o bem-estar emocional, destacando a import\u00e2ncia de um ambiente equilibrado, acolhedor e que valorize as pessoas &#8211; mas no dia a dia das pessoas. E n\u00e3o \u00e9 \u00e0 toa que, pelo terceiro ano consecutivo, na Logmed fomos reconhecidos como um Great Place to Work, quando um dos pilares mais valorizados pelos nossos colaboradores \u00e9 exatamente o ambiente agrad\u00e1vel e acolhedor que constru\u00edmos juntos, onde todos podem dar o seu melhor e se sentirem parte da empresa &#8211; transbordando sentimento de pertencimento, como uma fam\u00edlia. E na log\u00edstica m\u00e9dico-hospitalar, nosso trabalho impacta diretamente vidas, e para entregar o melhor e fazer a diferen\u00e7a, tamb\u00e9m precisamos estar bem. Aqui sempre refor\u00e7amos nosso compromisso em a\u00e7\u00f5es que promovem o autocuidado, a empatia e o apoio m\u00fatuo, para que cada colaborador se sinta amparado e valorizado &#8211; mas tamb\u00e9m oferecemos benef\u00edcios como Gympass e Auster para cuidar da sa\u00fade f\u00edsica e mental, para uma pr\u00e1tica de vida saud\u00e1vel. Vamos juntos fazer [&hellip;]<\/p>\n","protected":false},"author":2,"featured_media":17629,"comment_status":"open","ping_status":"open","sticky":false,"template":"","format":"standard","meta":{"footnotes":""},"categories":[1],"tags":[],"class_list":["post-17628","post","type-post","status-publish","format-standard","has-post-thumbnail","hentry","category-blog"],"_links":{"self":[{"href":"https:\/\/logmed.net\/index.php?rest_route=\/wp\/v2\/posts\/17628","targetHints":{"allow":["GET"]}}],"collection":[{"href":"https:\/\/logmed.net\/index.php?rest_route=\/wp\/v2\/posts"}],"about":[{"href":"https:\/\/logmed.net\/index.php?rest_route=\/wp\/v2\/types\/post"}],"author":[{"embeddable":true,"href":"https:\/\/logmed.net\/index.php?rest_route=\/wp\/v2\/users\/2"}],"replies":[{"embeddable":true,"href":"https:\/\/logmed.net\/index.php?rest_route=%2Fwp%2Fv2%2Fcomments&post=17628"}],"version-history":[{"count":1,"href":"https:\/\/logmed.net\/index.php?rest_route=\/wp\/v2\/posts\/17628\/revisions"}],"predecessor-version":[{"id":17630,"href":"https:\/\/logmed.net\/index.php?rest_route=\/wp\/v2\/posts\/17628\/revisions\/17630"}],"wp:featuredmedia":[{"embeddable":true,"href":"https:\/\/logmed.net\/index.php?rest_route=\/wp\/v2\/media\/17629"}],"wp:attachment":[{"href":"https:\/\/logmed.net\/index.php?rest_route=%2Fwp%2Fv2%2Fmedia&parent=17628"}],"wp:term":[{"taxonomy":"category","embeddable":true,"href":"https:\/\/logmed.net\/index.php?rest_route=%2Fwp%2Fv2%2Fcategories&post=17628"},{"taxonomy":"post_tag","embeddable":true,"href":"https:\/\/logmed.net\/index.php?rest_route=%2Fwp%2Fv2%2Ftags&post=17628"}],"curies":[{"name":"wp","href":"https:\/\/api.w.org\/{rel}","templated":true}]}}