{"id":17437,"date":"2024-07-27T08:30:00","date_gmt":"2024-07-27T11:30:00","guid":{"rendered":"https:\/\/logmed.net\/?p=17437"},"modified":"2024-09-26T12:15:53","modified_gmt":"2024-09-26T15:15:53","slug":"a-cidade-de-sao-jose-dos-campos-comemora-257-anos","status":"publish","type":"post","link":"https:\/\/logmed.net\/?p=17437","title":{"rendered":"A cidade de S\u00e3o Jos\u00e9 dos Campos comemora 257 anos"},"content":{"rendered":"\n<p>Hoje, celebramos os 257 anos de S\u00e3o Jos\u00e9 dos Campos, conhecida por sua inova\u00e7\u00e3o e tecnologia no interior de S\u00e3o Paulo.<\/p>\n\n\n\n<p>S\u00e3o Jos\u00e9 dos Campos \u00e9 um polo tecnol\u00f3gico, abrigando importantes centros de pesquisa e desenvolvimento, al\u00e9m de ser refer\u00eancia na ind\u00fastria aeroespacial e de TI.<\/p>\n\n\n\n<p>Nao \u00e9 a toa que escolhemos essa cidade em constante desenvolvimento e evolu\u00e7\u00e3o para a unidade matriz da Logmed.<\/p>\n\n\n\n<p>Desde maio de 2009, a LogMed em S\u00e3o Jos\u00e9 dos Campos atende clientes na regi\u00e3o, oferecendo solu\u00e7\u00f5es log\u00edsticas integradas que se adaptam \u00e0s necessidades espec\u00edficas de cada setor e cliente.<\/p>\n\n\n\n<p>Atualmente, temos uma equipe de 180 colaboradores atuando com servi\u00e7os de armazenagem, transporte, adequa\u00e7\u00e3o de produtos e customer service.<\/p>\n\n\n\n<p>Nosso compromisso com a excel\u00eancia nos torna uma das maiores refer\u00eancias em gest\u00e3o de log\u00edstica integrada na \u00e1rea da sa\u00fade em todo o pa\u00eds.<\/p>\n\n\n\n<p>Feliz Anivers\u00e1rio, S\u00e3o Jos\u00e9 dos Campos! \ud83c\udf89<\/p>\n\n\n\n<figure class=\"wp-block-image size-large\"><img loading=\"lazy\" decoding=\"async\" width=\"1024\" height=\"1010\" src=\"https:\/\/logmed.net\/wp-content\/uploads\/2024\/09\/WhatsApp-Image-2024-09-26-at-12.12.56-1024x1010.jpeg\" alt=\"\" class=\"wp-image-17438\" srcset=\"https:\/\/logmed.net\/wp-content\/uploads\/2024\/09\/WhatsApp-Image-2024-09-26-at-12.12.56-1024x1010.jpeg 1024w, https:\/\/logmed.net\/wp-content\/uploads\/2024\/09\/WhatsApp-Image-2024-09-26-at-12.12.56-300x296.jpeg 300w, https:\/\/logmed.net\/wp-content\/uploads\/2024\/09\/WhatsApp-Image-2024-09-26-at-12.12.56-768x757.jpeg 768w, https:\/\/logmed.net\/wp-content\/uploads\/2024\/09\/WhatsApp-Image-2024-09-26-at-12.12.56-80x80.jpeg 80w, https:\/\/logmed.net\/wp-content\/uploads\/2024\/09\/WhatsApp-Image-2024-09-26-at-12.12.56.jpeg 1280w\" sizes=\"auto, (max-width: 1024px) 100vw, 1024px\" \/><\/figure>\n","protected":false},"excerpt":{"rendered":"<p>Hoje, celebramos os 257 anos de S\u00e3o Jos\u00e9 dos Campos, conhecida por sua inova\u00e7\u00e3o e tecnologia no interior de S\u00e3o Paulo. S\u00e3o Jos\u00e9 dos Campos \u00e9 um polo tecnol\u00f3gico, abrigando importantes centros de pesquisa e desenvolvimento, al\u00e9m de ser refer\u00eancia na ind\u00fastria aeroespacial e de TI. Nao \u00e9 a toa que escolhemos essa cidade em constante desenvolvimento e evolu\u00e7\u00e3o para a unidade matriz da Logmed. Desde maio de 2009, a LogMed em S\u00e3o Jos\u00e9 dos Campos atende clientes na regi\u00e3o, oferecendo solu\u00e7\u00f5es log\u00edsticas integradas que se adaptam \u00e0s necessidades espec\u00edficas de cada setor e cliente. Atualmente, temos uma equipe de 180 colaboradores atuando com servi\u00e7os de armazenagem, transporte, adequa\u00e7\u00e3o de produtos e customer service. Nosso compromisso com a excel\u00eancia nos torna uma das maiores refer\u00eancias em gest\u00e3o de log\u00edstica integrada na \u00e1rea da sa\u00fade em todo o pa\u00eds. Feliz Anivers\u00e1rio, S\u00e3o Jos\u00e9 dos Campos! \ud83c\udf89<\/p>\n","protected":false},"author":2,"featured_media":17438,"comment_status":"open","ping_status":"open","sticky":false,"template":"","format":"standard","meta":{"footnotes":""},"categories":[1],"tags":[],"class_list":["post-17437","post","type-post","status-publish","format-standard","has-post-thumbnail","hentry","category-blog"],"_links":{"self":[{"href":"https:\/\/logmed.net\/index.php?rest_route=\/wp\/v2\/posts\/17437","targetHints":{"allow":["GET"]}}],"collection":[{"href":"https:\/\/logmed.net\/index.php?rest_route=\/wp\/v2\/posts"}],"about":[{"href":"https:\/\/logmed.net\/index.php?rest_route=\/wp\/v2\/types\/post"}],"author":[{"embeddable":true,"href":"https:\/\/logmed.net\/index.php?rest_route=\/wp\/v2\/users\/2"}],"replies":[{"embeddable":true,"href":"https:\/\/logmed.net\/index.php?rest_route=%2Fwp%2Fv2%2Fcomments&post=17437"}],"version-history":[{"count":1,"href":"https:\/\/logmed.net\/index.php?rest_route=\/wp\/v2\/posts\/17437\/revisions"}],"predecessor-version":[{"id":17439,"href":"https:\/\/logmed.net\/index.php?rest_route=\/wp\/v2\/posts\/17437\/revisions\/17439"}],"wp:featuredmedia":[{"embeddable":true,"href":"https:\/\/logmed.net\/index.php?rest_route=\/wp\/v2\/media\/17438"}],"wp:attachment":[{"href":"https:\/\/logmed.net\/index.php?rest_route=%2Fwp%2Fv2%2Fmedia&parent=17437"}],"wp:term":[{"taxonomy":"category","embeddable":true,"href":"https:\/\/logmed.net\/index.php?rest_route=%2Fwp%2Fv2%2Fcategories&post=17437"},{"taxonomy":"post_tag","embeddable":true,"href":"https:\/\/logmed.net\/index.php?rest_route=%2Fwp%2Fv2%2Ftags&post=17437"}],"curies":[{"name":"wp","href":"https:\/\/api.w.org\/{rel}","templated":true}]}}