{"id":17408,"date":"2024-08-30T10:46:00","date_gmt":"2024-08-30T13:46:00","guid":{"rendered":"https:\/\/logmed.net\/?p=17408"},"modified":"2024-09-26T10:52:07","modified_gmt":"2024-09-26T13:52:07","slug":"a-cidade-de-contagem-comemora-113-anos","status":"publish","type":"post","link":"https:\/\/logmed.net\/?p=17408","title":{"rendered":"A cidade de Contagem comemora 113 anos"},"content":{"rendered":"\n<p>Dia de celebrar os 113 anos da cidade de Contagem, conhecida por sua import\u00e2ncia econ\u00f4mica e demogr\u00e1fica na Regi\u00e3o Metropolitana de Belo Horizonte, Minas Gerais.<br><br>Contagem das Ab\u00f3boras, como \u00e9 conhecida, \u00e9 um pilar estrat\u00e9gico para o desenvolvimento do estado, destacando-se como um dos mais importantes munic\u00edpios mineiros.<br><br>N\u00e3o \u00e9 \u00e0 toa que escolhemos essa cidade em constante crescimento para expandir nossos servi\u00e7os log\u00edsticos integrados no estado mineiro.<br><br>Desde outubro de 2021, data de in\u00edcio das opera\u00e7\u00f5es da LogMed em Contagem, a unidade atende clientes em toda regi\u00e3o. Temos uma equipe dedicada com colaboradores fixos e agregados que atuam com servi\u00e7os de armazenagem, transporte, adequa\u00e7\u00e3o de produtos e customer service.<br><br>Mais uma unidade da Logmed que mant\u00e9m nosso compromisso de oferecer excel\u00eancia em gest\u00e3o log\u00edstica integrada na \u00e1rea da sa\u00fade.<br><br>Feliz Anivers\u00e1rio, Contagem! \ud83c\udf89<\/p>\n\n\n\n<figure class=\"wp-block-image size-full\"><img loading=\"lazy\" decoding=\"async\" width=\"800\" height=\"800\" src=\"https:\/\/logmed.net\/wp-content\/uploads\/2024\/09\/1722433514527-1.jpeg\" alt=\"\" class=\"wp-image-17409\" srcset=\"https:\/\/logmed.net\/wp-content\/uploads\/2024\/09\/1722433514527-1.jpeg 800w, https:\/\/logmed.net\/wp-content\/uploads\/2024\/09\/1722433514527-1-300x300.jpeg 300w, https:\/\/logmed.net\/wp-content\/uploads\/2024\/09\/1722433514527-1-150x150.jpeg 150w, https:\/\/logmed.net\/wp-content\/uploads\/2024\/09\/1722433514527-1-768x768.jpeg 768w, https:\/\/logmed.net\/wp-content\/uploads\/2024\/09\/1722433514527-1-80x80.jpeg 80w, https:\/\/logmed.net\/wp-content\/uploads\/2024\/09\/1722433514527-1-500x500.jpeg 500w\" sizes=\"auto, (max-width: 800px) 100vw, 800px\" \/><\/figure>\n","protected":false},"excerpt":{"rendered":"<p>Dia de celebrar os 113 anos da cidade de Contagem, conhecida por sua import\u00e2ncia econ\u00f4mica e demogr\u00e1fica na Regi\u00e3o Metropolitana de Belo Horizonte, Minas Gerais. Contagem das Ab\u00f3boras, como \u00e9 conhecida, \u00e9 um pilar estrat\u00e9gico para o desenvolvimento do estado, destacando-se como um dos mais importantes munic\u00edpios mineiros. N\u00e3o \u00e9 \u00e0 toa que escolhemos essa cidade em constante crescimento para expandir nossos servi\u00e7os log\u00edsticos integrados no estado mineiro. Desde outubro de 2021, data de in\u00edcio das opera\u00e7\u00f5es da LogMed em Contagem, a unidade atende clientes em toda regi\u00e3o. Temos uma equipe dedicada com colaboradores fixos e agregados que atuam com servi\u00e7os de armazenagem, transporte, adequa\u00e7\u00e3o de produtos e customer service. Mais uma unidade da Logmed que mant\u00e9m nosso compromisso de oferecer excel\u00eancia em gest\u00e3o log\u00edstica integrada na \u00e1rea da sa\u00fade. Feliz Anivers\u00e1rio, Contagem! \ud83c\udf89<\/p>\n","protected":false},"author":2,"featured_media":17409,"comment_status":"open","ping_status":"open","sticky":false,"template":"","format":"standard","meta":{"footnotes":""},"categories":[9],"tags":[],"class_list":["post-17408","post","type-post","status-publish","format-standard","has-post-thumbnail","hentry","category-logmed"],"_links":{"self":[{"href":"https:\/\/logmed.net\/index.php?rest_route=\/wp\/v2\/posts\/17408","targetHints":{"allow":["GET"]}}],"collection":[{"href":"https:\/\/logmed.net\/index.php?rest_route=\/wp\/v2\/posts"}],"about":[{"href":"https:\/\/logmed.net\/index.php?rest_route=\/wp\/v2\/types\/post"}],"author":[{"embeddable":true,"href":"https:\/\/logmed.net\/index.php?rest_route=\/wp\/v2\/users\/2"}],"replies":[{"embeddable":true,"href":"https:\/\/logmed.net\/index.php?rest_route=%2Fwp%2Fv2%2Fcomments&post=17408"}],"version-history":[{"count":1,"href":"https:\/\/logmed.net\/index.php?rest_route=\/wp\/v2\/posts\/17408\/revisions"}],"predecessor-version":[{"id":17410,"href":"https:\/\/logmed.net\/index.php?rest_route=\/wp\/v2\/posts\/17408\/revisions\/17410"}],"wp:featuredmedia":[{"embeddable":true,"href":"https:\/\/logmed.net\/index.php?rest_route=\/wp\/v2\/media\/17409"}],"wp:attachment":[{"href":"https:\/\/logmed.net\/index.php?rest_route=%2Fwp%2Fv2%2Fmedia&parent=17408"}],"wp:term":[{"taxonomy":"category","embeddable":true,"href":"https:\/\/logmed.net\/index.php?rest_route=%2Fwp%2Fv2%2Fcategories&post=17408"},{"taxonomy":"post_tag","embeddable":true,"href":"https:\/\/logmed.net\/index.php?rest_route=%2Fwp%2Fv2%2Ftags&post=17408"}],"curies":[{"name":"wp","href":"https:\/\/api.w.org\/{rel}","templated":true}]}}