{"id":17394,"date":"2024-09-10T10:22:47","date_gmt":"2024-09-10T13:22:47","guid":{"rendered":"https:\/\/logmed.net\/?p=17394"},"modified":"2024-09-26T10:24:27","modified_gmt":"2024-09-26T13:24:27","slug":"setembro-amarelo-na-logmed-2","status":"publish","type":"post","link":"https:\/\/logmed.net\/?p=17394","title":{"rendered":"Setembro Amarelo na Logmed"},"content":{"rendered":"\n<p>O Setembro Amarelo \u00e9 um convite \u00e0 reflex\u00e3o sobre a import\u00e2ncia da sa\u00fade mental, destacando a necessidade de conversar sobre o tema ao longo de todo o m\u00eas e promover a\u00e7\u00f5es que fa\u00e7am a diferen\u00e7a durante o ano inteiro.<br><br>Hoje, dia 10\/09 &#8211; Dia Mundial de Preven\u00e7\u00e3o ao Suic\u00eddio, refor\u00e7amos o compromisso de combater o estigma, criando espa\u00e7os de escuta e apoio para quem precisa.<br><br>Essa \u00e9 a maior campanha global voltada para a conscientiza\u00e7\u00e3o e preven\u00e7\u00e3o!<br><br>Confira nossa cartilha com informa\u00e7\u00f5es essenciais para contribuir com essa causa.<br><br>Cada conversa pode salvar uma vida. \ud83d\udc9b<\/p>\n\n\n\n<figure class=\"wp-block-image size-large\"><img loading=\"lazy\" decoding=\"async\" width=\"1024\" height=\"1024\" src=\"https:\/\/logmed.net\/wp-content\/uploads\/2024\/09\/h-1024x1024.jpg\" alt=\"\" class=\"wp-image-17397\" srcset=\"https:\/\/logmed.net\/wp-content\/uploads\/2024\/09\/h-1024x1024.jpg 1024w, https:\/\/logmed.net\/wp-content\/uploads\/2024\/09\/h-300x300.jpg 300w, https:\/\/logmed.net\/wp-content\/uploads\/2024\/09\/h-150x150.jpg 150w, https:\/\/logmed.net\/wp-content\/uploads\/2024\/09\/h-768x768.jpg 768w, https:\/\/logmed.net\/wp-content\/uploads\/2024\/09\/h-80x80.jpg 80w, https:\/\/logmed.net\/wp-content\/uploads\/2024\/09\/h-500x500.jpg 500w, https:\/\/logmed.net\/wp-content\/uploads\/2024\/09\/h-1000x1000.jpg 1000w, https:\/\/logmed.net\/wp-content\/uploads\/2024\/09\/h.jpg 1080w\" sizes=\"auto, (max-width: 1024px) 100vw, 1024px\" \/><\/figure>\n","protected":false},"excerpt":{"rendered":"<p>O Setembro Amarelo \u00e9 um convite \u00e0 reflex\u00e3o sobre a import\u00e2ncia da sa\u00fade mental, destacando a necessidade de conversar sobre o tema ao longo de todo o m\u00eas e promover a\u00e7\u00f5es que fa\u00e7am a diferen\u00e7a durante o ano inteiro. Hoje, dia 10\/09 &#8211; Dia Mundial de Preven\u00e7\u00e3o ao Suic\u00eddio, refor\u00e7amos o compromisso de combater o estigma, criando espa\u00e7os de escuta e apoio para quem precisa. Essa \u00e9 a maior campanha global voltada para a conscientiza\u00e7\u00e3o e preven\u00e7\u00e3o! Confira nossa cartilha com informa\u00e7\u00f5es essenciais para contribuir com essa causa. Cada conversa pode salvar uma vida. \ud83d\udc9b<\/p>\n","protected":false},"author":2,"featured_media":17396,"comment_status":"open","ping_status":"open","sticky":false,"template":"","format":"standard","meta":{"footnotes":""},"categories":[9],"tags":[],"class_list":["post-17394","post","type-post","status-publish","format-standard","has-post-thumbnail","hentry","category-logmed"],"_links":{"self":[{"href":"https:\/\/logmed.net\/index.php?rest_route=\/wp\/v2\/posts\/17394","targetHints":{"allow":["GET"]}}],"collection":[{"href":"https:\/\/logmed.net\/index.php?rest_route=\/wp\/v2\/posts"}],"about":[{"href":"https:\/\/logmed.net\/index.php?rest_route=\/wp\/v2\/types\/post"}],"author":[{"embeddable":true,"href":"https:\/\/logmed.net\/index.php?rest_route=\/wp\/v2\/users\/2"}],"replies":[{"embeddable":true,"href":"https:\/\/logmed.net\/index.php?rest_route=%2Fwp%2Fv2%2Fcomments&post=17394"}],"version-history":[{"count":2,"href":"https:\/\/logmed.net\/index.php?rest_route=\/wp\/v2\/posts\/17394\/revisions"}],"predecessor-version":[{"id":17398,"href":"https:\/\/logmed.net\/index.php?rest_route=\/wp\/v2\/posts\/17394\/revisions\/17398"}],"wp:featuredmedia":[{"embeddable":true,"href":"https:\/\/logmed.net\/index.php?rest_route=\/wp\/v2\/media\/17396"}],"wp:attachment":[{"href":"https:\/\/logmed.net\/index.php?rest_route=%2Fwp%2Fv2%2Fmedia&parent=17394"}],"wp:term":[{"taxonomy":"category","embeddable":true,"href":"https:\/\/logmed.net\/index.php?rest_route=%2Fwp%2Fv2%2Fcategories&post=17394"},{"taxonomy":"post_tag","embeddable":true,"href":"https:\/\/logmed.net\/index.php?rest_route=%2Fwp%2Fv2%2Ftags&post=17394"}],"curies":[{"name":"wp","href":"https:\/\/api.w.org\/{rel}","templated":true}]}}