{"id":17387,"date":"2024-09-11T09:30:00","date_gmt":"2024-09-11T12:30:00","guid":{"rendered":"https:\/\/logmed.net\/?p=17387"},"modified":"2024-09-26T10:10:01","modified_gmt":"2024-09-26T13:10:01","slug":"visita-especial-logmed-recebe-equipe-da-solventum","status":"publish","type":"post","link":"https:\/\/logmed.net\/?p=17387","title":{"rendered":"Visita Especial: Logmed recebe equipe da Solventum"},"content":{"rendered":"\n<p>Hoje, tivemos o prazer de receber em nossa unidade de S\u00e3o Jos\u00e9 dos Campos a equipe da <a href=\"https:\/\/www.linkedin.com\/company\/solventumhealth\/\">Solventum<\/a>, antiga 3M-KCI, para o alinhamento das opera\u00e7\u00f5es e discuss\u00e3o de projetos em andamento.<br><br>H\u00e1 9 anos, constru\u00edmos juntos uma parceria s\u00f3lida, focada em promover uma log\u00edstica mais eficiente e qualificada para o setor de sa\u00fade suplementar no Brasil.<br><br>\u201cAgradecemos a presen\u00e7a de Iride, Ricardo, Janaina e Gabriela. \u00c9 gratificante ver essa colabora\u00e7\u00e3o se fortalecendo e evoluindo ano ap\u00f3s ano.\u201d, agradece Danilo Magri, CEO da Logmed!<br><br>Que possamos seguir juntos transformando a log\u00edstica m\u00e9dico-hospitalar!<\/p>\n\n\n\n<figure class=\"wp-block-image size-full\"><img loading=\"lazy\" decoding=\"async\" width=\"800\" height=\"644\" src=\"https:\/\/logmed.net\/wp-content\/uploads\/2024\/09\/t.jpg\" alt=\"\" class=\"wp-image-17388\" srcset=\"https:\/\/logmed.net\/wp-content\/uploads\/2024\/09\/t.jpg 800w, https:\/\/logmed.net\/wp-content\/uploads\/2024\/09\/t-300x242.jpg 300w, https:\/\/logmed.net\/wp-content\/uploads\/2024\/09\/t-768x618.jpg 768w\" sizes=\"auto, (max-width: 800px) 100vw, 800px\" \/><\/figure>\n","protected":false},"excerpt":{"rendered":"<p>Hoje, tivemos o prazer de receber em nossa unidade de S\u00e3o Jos\u00e9 dos Campos a equipe da Solventum, antiga 3M-KCI, para o alinhamento das opera\u00e7\u00f5es e discuss\u00e3o de projetos em andamento. H\u00e1 9 anos, constru\u00edmos juntos uma parceria s\u00f3lida, focada em promover uma log\u00edstica mais eficiente e qualificada para o setor de sa\u00fade suplementar no Brasil. \u201cAgradecemos a presen\u00e7a de Iride, Ricardo, Janaina e Gabriela. \u00c9 gratificante ver essa colabora\u00e7\u00e3o se fortalecendo e evoluindo ano ap\u00f3s ano.\u201d, agradece Danilo Magri, CEO da Logmed! Que possamos seguir juntos transformando a log\u00edstica m\u00e9dico-hospitalar!<\/p>\n","protected":false},"author":2,"featured_media":17388,"comment_status":"open","ping_status":"open","sticky":false,"template":"","format":"standard","meta":{"footnotes":""},"categories":[62],"tags":[],"class_list":["post-17387","post","type-post","status-publish","format-standard","has-post-thumbnail","hentry","category-visita-logmed"],"_links":{"self":[{"href":"https:\/\/logmed.net\/index.php?rest_route=\/wp\/v2\/posts\/17387","targetHints":{"allow":["GET"]}}],"collection":[{"href":"https:\/\/logmed.net\/index.php?rest_route=\/wp\/v2\/posts"}],"about":[{"href":"https:\/\/logmed.net\/index.php?rest_route=\/wp\/v2\/types\/post"}],"author":[{"embeddable":true,"href":"https:\/\/logmed.net\/index.php?rest_route=\/wp\/v2\/users\/2"}],"replies":[{"embeddable":true,"href":"https:\/\/logmed.net\/index.php?rest_route=%2Fwp%2Fv2%2Fcomments&post=17387"}],"version-history":[{"count":1,"href":"https:\/\/logmed.net\/index.php?rest_route=\/wp\/v2\/posts\/17387\/revisions"}],"predecessor-version":[{"id":17389,"href":"https:\/\/logmed.net\/index.php?rest_route=\/wp\/v2\/posts\/17387\/revisions\/17389"}],"wp:featuredmedia":[{"embeddable":true,"href":"https:\/\/logmed.net\/index.php?rest_route=\/wp\/v2\/media\/17388"}],"wp:attachment":[{"href":"https:\/\/logmed.net\/index.php?rest_route=%2Fwp%2Fv2%2Fmedia&parent=17387"}],"wp:term":[{"taxonomy":"category","embeddable":true,"href":"https:\/\/logmed.net\/index.php?rest_route=%2Fwp%2Fv2%2Fcategories&post=17387"},{"taxonomy":"post_tag","embeddable":true,"href":"https:\/\/logmed.net\/index.php?rest_route=%2Fwp%2Fv2%2Ftags&post=17387"}],"curies":[{"name":"wp","href":"https:\/\/api.w.org\/{rel}","templated":true}]}}