{"id":17295,"date":"2024-05-01T08:00:00","date_gmt":"2024-05-01T11:00:00","guid":{"rendered":"https:\/\/logmed.net\/?p=17295"},"modified":"2024-06-26T11:32:13","modified_gmt":"2024-06-26T14:32:13","slug":"logmed-comemora-15-anos","status":"publish","type":"post","link":"https:\/\/logmed.net\/?p=17295","title":{"rendered":"Logmed comemora 15 anos no Dia do Trabalho"},"content":{"rendered":"\n<p>O 1\u00ba de maio \u00e9 um dia muito especial para a Logmed. Al\u00e9m de ser o Dia Mundial do Trabalho, comemoramos tamb\u00e9m os 15 anos de exist\u00eancia da Logmed.<br><br>Um momento para reconhecer a dedica\u00e7\u00e3o e o compromisso da nossa equipe em ajudar a salvar vidas em todas as dire\u00e7\u00f5es, sendo isso o que nos torna uma empresa renomada no setor de log\u00edstica OPME.<br><br>Nossa trajet\u00f3ria de sucesso \u00e9 impulsionada pela habilidade, dedica\u00e7\u00e3o e esfor\u00e7o di\u00e1rio das pessoas que fazem parte da Logmed e que s\u00e3o o verdadeiro motor por tr\u00e1s de nossa imagem.<br><br>Agradecemos profundamente a cada membro da equipe pelo seu empenho e compromisso em fazer a diferen\u00e7a.<br><br>Ao celebrarmos estes 15 anos de hist\u00f3ria e o Dia do Trabalho, tamb\u00e9m queremos expressar nossa gratid\u00e3o aos nossos clientes, por confiarem em nossos servi\u00e7os e fazerem parte da nossa jornada.<br><br>Continuaremos trabalhando incansavelmente para superar expectativas e prestar o melhor atendimento.<br><br>Obrigado por fazerem a diferen\u00e7a em nossa hist\u00f3ria e por nos impulsionarem a sermos cada dia melhores!<br><br>Logmed 15 anos, tempo de comemorar! \u2728<\/p>\n\n\n\n<figure class=\"wp-block-image size-full\"><img loading=\"lazy\" decoding=\"async\" width=\"800\" height=\"800\" src=\"https:\/\/logmed.net\/wp-content\/uploads\/2024\/06\/1714061474117.jpg\" alt=\"\" class=\"wp-image-17296\" srcset=\"https:\/\/logmed.net\/wp-content\/uploads\/2024\/06\/1714061474117.jpg 800w, https:\/\/logmed.net\/wp-content\/uploads\/2024\/06\/1714061474117-300x300.jpg 300w, https:\/\/logmed.net\/wp-content\/uploads\/2024\/06\/1714061474117-150x150.jpg 150w, https:\/\/logmed.net\/wp-content\/uploads\/2024\/06\/1714061474117-768x768.jpg 768w, https:\/\/logmed.net\/wp-content\/uploads\/2024\/06\/1714061474117-80x80.jpg 80w, https:\/\/logmed.net\/wp-content\/uploads\/2024\/06\/1714061474117-500x500.jpg 500w\" sizes=\"auto, (max-width: 800px) 100vw, 800px\" \/><\/figure>\n","protected":false},"excerpt":{"rendered":"<p>O 1\u00ba de maio \u00e9 um dia muito especial para a Logmed. Al\u00e9m de ser o Dia Mundial do Trabalho, comemoramos tamb\u00e9m os 15 anos de exist\u00eancia da Logmed. Um momento para reconhecer a dedica\u00e7\u00e3o e o compromisso da nossa equipe em ajudar a salvar vidas em todas as dire\u00e7\u00f5es, sendo isso o que nos torna uma empresa renomada no setor de log\u00edstica OPME. Nossa trajet\u00f3ria de sucesso \u00e9 impulsionada pela habilidade, dedica\u00e7\u00e3o e esfor\u00e7o di\u00e1rio das pessoas que fazem parte da Logmed e que s\u00e3o o verdadeiro motor por tr\u00e1s de nossa imagem. Agradecemos profundamente a cada membro da equipe pelo seu empenho e compromisso em fazer a diferen\u00e7a. Ao celebrarmos estes 15 anos de hist\u00f3ria e o Dia do Trabalho, tamb\u00e9m queremos expressar nossa gratid\u00e3o aos nossos clientes, por confiarem em nossos servi\u00e7os e fazerem parte da nossa jornada. Continuaremos trabalhando incansavelmente para superar expectativas e prestar o melhor atendimento. Obrigado por fazerem a diferen\u00e7a em nossa hist\u00f3ria e por nos impulsionarem a sermos cada dia melhores! Logmed 15 anos, tempo de comemorar! \u2728<\/p>\n","protected":false},"author":2,"featured_media":17296,"comment_status":"open","ping_status":"open","sticky":false,"template":"","format":"standard","meta":{"footnotes":""},"categories":[9],"tags":[50,54,22,52,51,24,55,53],"class_list":["post-17295","post","type-post","status-publish","format-standard","has-post-thumbnail","hentry","category-logmed","tag-15anos","tag-armazenagem","tag-logmed","tag-medico-hospitalar","tag-operadora-logistica","tag-opme","tag-setor-logistico","tag-transporte"],"_links":{"self":[{"href":"https:\/\/logmed.net\/index.php?rest_route=\/wp\/v2\/posts\/17295","targetHints":{"allow":["GET"]}}],"collection":[{"href":"https:\/\/logmed.net\/index.php?rest_route=\/wp\/v2\/posts"}],"about":[{"href":"https:\/\/logmed.net\/index.php?rest_route=\/wp\/v2\/types\/post"}],"author":[{"embeddable":true,"href":"https:\/\/logmed.net\/index.php?rest_route=\/wp\/v2\/users\/2"}],"replies":[{"embeddable":true,"href":"https:\/\/logmed.net\/index.php?rest_route=%2Fwp%2Fv2%2Fcomments&post=17295"}],"version-history":[{"count":5,"href":"https:\/\/logmed.net\/index.php?rest_route=\/wp\/v2\/posts\/17295\/revisions"}],"predecessor-version":[{"id":17342,"href":"https:\/\/logmed.net\/index.php?rest_route=\/wp\/v2\/posts\/17295\/revisions\/17342"}],"wp:featuredmedia":[{"embeddable":true,"href":"https:\/\/logmed.net\/index.php?rest_route=\/wp\/v2\/media\/17296"}],"wp:attachment":[{"href":"https:\/\/logmed.net\/index.php?rest_route=%2Fwp%2Fv2%2Fmedia&parent=17295"}],"wp:term":[{"taxonomy":"category","embeddable":true,"href":"https:\/\/logmed.net\/index.php?rest_route=%2Fwp%2Fv2%2Fcategories&post=17295"},{"taxonomy":"post_tag","embeddable":true,"href":"https:\/\/logmed.net\/index.php?rest_route=%2Fwp%2Fv2%2Ftags&post=17295"}],"curies":[{"name":"wp","href":"https:\/\/api.w.org\/{rel}","templated":true}]}}