{"id":17214,"date":"2024-01-09T09:00:00","date_gmt":"2024-01-09T12:00:00","guid":{"rendered":"https:\/\/logmed.net\/?p=17214"},"modified":"2024-04-10T14:28:57","modified_gmt":"2024-04-10T17:28:57","slug":"janeiro-branco-na-logmed","status":"publish","type":"post","link":"https:\/\/logmed.net\/?p=17214","title":{"rendered":"Janeiro Branco na Logmed"},"content":{"rendered":"\n<p>Janeiro Branco \u00e9 o m\u00eas dedicado \u00e0 sa\u00fade mental, e na Logmed, n\u00f3s entendemos que cuidar da mente \u00e9 t\u00e3o crucial quanto cuidar do corpo.<\/p>\n\n\n\n<p>Nossa miss\u00e3o vai al\u00e9m da log\u00edstica: estamos aqui para ajudar a salvar vidas em todas as dire\u00e7\u00f5es, incluindo apoio \u00e0 sa\u00fade mental de nossos colaboradores.<\/p>\n\n\n\n<p>Buscamos oferecer benef\u00edcios relacionados ao bem-estar e atendimento psicol\u00f3gico para nossos colaboradores e dependentes. Al\u00e9m de incentivar o uso do programa de apoio, entendemos que \u00e9 muito importante abordar e apoiar a campanha \u201cJaneiro Branco\u201d para concientizar a todos sobre a import\u00e2ncia do autocuidado.<\/p>\n\n\n\n<p>Que juntos possamos refor\u00e7ar a import\u00e2ncia de um atendimento humanizado, cheio de empatia e de cuidado pelo pr\u00f3ximo!<\/p>\n\n\n\n<p><a href=\"https:\/\/www.linkedin.com\/feed\/hashtag\/?keywords=janeirobranco&amp;highlightedUpdateUrns=urn%3Ali%3Aactivity%3A7150456216178135041\">#JaneiroBranco<\/a><a href=\"https:\/\/www.linkedin.com\/feed\/hashtag\/?keywords=logmed&amp;highlightedUpdateUrns=urn%3Ali%3Aactivity%3A7150456216178135041\">#Logmed<\/a><a href=\"https:\/\/www.linkedin.com\/feed\/hashtag\/?keywords=sa%C3%BAdemental&amp;highlightedUpdateUrns=urn%3Ali%3Aactivity%3A7150456216178135041\">#Sa\u00fadeMental<\/a><a href=\"https:\/\/www.linkedin.com\/feed\/hashtag\/?keywords=log%C3%ADsticacomprop%C3%B3sito&amp;highlightedUpdateUrns=urn%3Ali%3Aactivity%3A7150456216178135041\">#Log\u00edsticaComProp\u00f3sito<\/a><\/p>\n\n\n\n<p><\/p>\n\n\n\n<figure class=\"wp-block-image size-full is-resized\"><img loading=\"lazy\" decoding=\"async\" width=\"800\" height=\"800\" src=\"https:\/\/logmed.net\/wp-content\/uploads\/2024\/04\/1704756876272-1.jpg\" alt=\"\" class=\"wp-image-17216\" style=\"width:425px;height:auto\" srcset=\"https:\/\/logmed.net\/wp-content\/uploads\/2024\/04\/1704756876272-1.jpg 800w, https:\/\/logmed.net\/wp-content\/uploads\/2024\/04\/1704756876272-1-300x300.jpg 300w, https:\/\/logmed.net\/wp-content\/uploads\/2024\/04\/1704756876272-1-150x150.jpg 150w, https:\/\/logmed.net\/wp-content\/uploads\/2024\/04\/1704756876272-1-768x768.jpg 768w, https:\/\/logmed.net\/wp-content\/uploads\/2024\/04\/1704756876272-1-80x80.jpg 80w, https:\/\/logmed.net\/wp-content\/uploads\/2024\/04\/1704756876272-1-500x500.jpg 500w\" sizes=\"auto, (max-width: 800px) 100vw, 800px\" \/><\/figure>\n","protected":false},"excerpt":{"rendered":"<p>Janeiro Branco \u00e9 o m\u00eas dedicado \u00e0 sa\u00fade mental, e na Logmed, n\u00f3s entendemos que cuidar da mente \u00e9 t\u00e3o crucial quanto cuidar do corpo. Nossa miss\u00e3o vai al\u00e9m da log\u00edstica: estamos aqui para ajudar a salvar vidas em todas as dire\u00e7\u00f5es, incluindo apoio \u00e0 sa\u00fade mental de nossos colaboradores. Buscamos oferecer benef\u00edcios relacionados ao bem-estar e atendimento psicol\u00f3gico para nossos colaboradores e dependentes. Al\u00e9m de incentivar o uso do programa de apoio, entendemos que \u00e9 muito importante abordar e apoiar a campanha \u201cJaneiro Branco\u201d para concientizar a todos sobre a import\u00e2ncia do autocuidado. Que juntos possamos refor\u00e7ar a import\u00e2ncia de um atendimento humanizado, cheio de empatia e de cuidado pelo pr\u00f3ximo! #JaneiroBranco#Logmed#Sa\u00fadeMental#Log\u00edsticaComProp\u00f3sito<\/p>\n","protected":false},"author":2,"featured_media":17217,"comment_status":"open","ping_status":"open","sticky":false,"template":"","format":"standard","meta":{"footnotes":""},"categories":[9],"tags":[21,22,20,23],"class_list":["post-17214","post","type-post","status-publish","format-standard","has-post-thumbnail","hentry","category-logmed","tag-janeirobranco","tag-logmed","tag-saude","tag-saudemental"],"_links":{"self":[{"href":"https:\/\/logmed.net\/index.php?rest_route=\/wp\/v2\/posts\/17214","targetHints":{"allow":["GET"]}}],"collection":[{"href":"https:\/\/logmed.net\/index.php?rest_route=\/wp\/v2\/posts"}],"about":[{"href":"https:\/\/logmed.net\/index.php?rest_route=\/wp\/v2\/types\/post"}],"author":[{"embeddable":true,"href":"https:\/\/logmed.net\/index.php?rest_route=\/wp\/v2\/users\/2"}],"replies":[{"embeddable":true,"href":"https:\/\/logmed.net\/index.php?rest_route=%2Fwp%2Fv2%2Fcomments&post=17214"}],"version-history":[{"count":1,"href":"https:\/\/logmed.net\/index.php?rest_route=\/wp\/v2\/posts\/17214\/revisions"}],"predecessor-version":[{"id":17219,"href":"https:\/\/logmed.net\/index.php?rest_route=\/wp\/v2\/posts\/17214\/revisions\/17219"}],"wp:featuredmedia":[{"embeddable":true,"href":"https:\/\/logmed.net\/index.php?rest_route=\/wp\/v2\/media\/17217"}],"wp:attachment":[{"href":"https:\/\/logmed.net\/index.php?rest_route=%2Fwp%2Fv2%2Fmedia&parent=17214"}],"wp:term":[{"taxonomy":"category","embeddable":true,"href":"https:\/\/logmed.net\/index.php?rest_route=%2Fwp%2Fv2%2Fcategories&post=17214"},{"taxonomy":"post_tag","embeddable":true,"href":"https:\/\/logmed.net\/index.php?rest_route=%2Fwp%2Fv2%2Ftags&post=17214"}],"curies":[{"name":"wp","href":"https:\/\/api.w.org\/{rel}","templated":true}]}}