{"id":16991,"date":"2023-10-02T09:54:00","date_gmt":"2023-10-02T09:54:00","guid":{"rendered":"http:\/\/logmed.net\/?p=16991"},"modified":"2023-10-02T09:54:00","modified_gmt":"2023-10-02T09:54:00","slug":"setembro-amarelo-na-logmed-voce-nao-esta-sozinho","status":"publish","type":"post","link":"https:\/\/logmed.net\/?p=16991","title":{"rendered":"Setembro Amarelo na Logmed: &#8220;Voc\u00ea n\u00e3o est\u00e1 sozinho&#8221;"},"content":{"rendered":"\n<p>No m\u00eas do Setembro Amarelo, a Logmed lan\u00e7ou a inspiradora campanha &#8220;Voc\u00ea n\u00e3o est\u00e1 sozinho&#8221;.<\/p>\n\n\n\n<p>Durante a \u00faltima semana de setembro, reconhecendo a import\u00e2ncia de abrir di\u00e1logos sobre sa\u00fade mental, trouxemos \u00e0 tona um tema crucial para todos: a depress\u00e3o.<\/p>\n\n\n\n<p>Um dos pontos altos da campanha foi a coragem com a qual nossos colaboradores compartilharam hist\u00f3rias pessoais de luta e supera\u00e7\u00e3o da depress\u00e3o. As palavras e experi\u00eancias compartilhadas serviram de inspira\u00e7\u00e3o para todo o time, lembrando que a jornada em busca da recupera\u00e7\u00e3o \u00e9 poss\u00edvel.<\/p>\n\n\n\n<p>A psicanalista Camila Alves desempenhou um papel fundamental ao ouvir atentamente todos os depoimentos e oferecerer insights valiosos sobre as poss\u00edveis causas da depress\u00e3o, destacando os fatores mais comuns que afetam as pessoas que enfrentaram essa doen\u00e7a.<\/p>\n\n\n\n<p>Nossa esperan\u00e7a \u00e9 que a campanha &#8220;Voc\u00ea n\u00e3o est\u00e1 sozinho&#8221; continue a criar um ambiente de apoio e compreens\u00e3o em nossa empresa, onde todos possam buscar ajuda quando necess\u00e1rio e, acima de tudo, saibam que a Logmed est\u00e1 aqui para apoiar cada passo do caminho na jornada da sa\u00fade mental.<\/p>\n\n\n\n<p>Juntos, podemos enfrentar a depress\u00e3o e promover um ambiente de trabalho mais saud\u00e1vel e acolhedor.<\/p>\n\n\n\n<p>J\u00e1 passou por essa situa\u00e7\u00e3o? Conhece algu\u00e9m que est\u00e1 precisando de ajuda?<br>Acesse o canal do YouTube da Logmed e assista o v\u00eddeo com os depoimentos e insights apresentados pela psicanalista Camila Alves.<\/p>\n\n\n\n<p>\u201cVoc\u00ea n\u00e3o est\u00e1 sozinho\u201d &#8211; Campanha Setembro Amarelo da Logmed:&nbsp;<a href=\"https:\/\/lnkd.in\/dTHwMN39\">https:\/\/lnkd.in\/dTHwMN39<\/a><\/p>\n\n\n\n<p><a href=\"https:\/\/www.linkedin.com\/feed\/hashtag\/?keywords=logmed&amp;highlightedUpdateUrns=urn%3Ali%3Aactivity%3A7114594876926701568\">#logmed<\/a><a href=\"https:\/\/www.linkedin.com\/feed\/hashtag\/?keywords=setembroamarelo&amp;highlightedUpdateUrns=urn%3Ali%3Aactivity%3A7114594876926701568\">#setembroamarelo<\/a><a href=\"https:\/\/www.linkedin.com\/feed\/hashtag\/?keywords=depressao&amp;highlightedUpdateUrns=urn%3Ali%3Aactivity%3A7114594876926701568\">#depressao<\/a><a href=\"https:\/\/www.linkedin.com\/feed\/hashtag\/?keywords=salvarvidas&amp;highlightedUpdateUrns=urn%3Ali%3Aactivity%3A7114594876926701568\">#salvarvidas<\/a><a href=\"https:\/\/www.linkedin.com\/feed\/hashtag\/?keywords=vocenaoestasozinho&amp;highlightedUpdateUrns=urn%3Ali%3Aactivity%3A7114594876926701568\">#vocenaoestasozinho<\/a><\/p>\n\n\n\n<figure class=\"wp-block-image size-medium\"><img decoding=\"async\" src=\"http:\/\/logmed.net\/wp-content\/uploads\/2023\/11\/1696217913359-300x290.jpeg\" alt=\"\" class=\"wp-image-16992\"\/><\/figure>\n","protected":false},"excerpt":{"rendered":"<p>No m\u00eas do Setembro Amarelo, a Logmed lan\u00e7ou a inspiradora campanha &#8220;Voc\u00ea n\u00e3o est\u00e1 sozinho&#8221;. Durante a \u00faltima semana de setembro, reconhecendo a import\u00e2ncia de abrir di\u00e1logos sobre sa\u00fade mental, trouxemos \u00e0 tona um tema crucial para todos: a depress\u00e3o. Um dos pontos altos da campanha foi a coragem com a qual nossos colaboradores compartilharam hist\u00f3rias pessoais de luta e supera\u00e7\u00e3o da depress\u00e3o. As palavras e experi\u00eancias compartilhadas serviram de inspira\u00e7\u00e3o para todo o time, lembrando que a jornada em busca da recupera\u00e7\u00e3o \u00e9 poss\u00edvel. A psicanalista Camila Alves desempenhou um papel fundamental ao ouvir atentamente todos os depoimentos e oferecerer insights valiosos sobre as poss\u00edveis causas da depress\u00e3o, destacando os fatores mais comuns que afetam as pessoas que enfrentaram essa doen\u00e7a. Nossa esperan\u00e7a \u00e9 que a campanha &#8220;Voc\u00ea n\u00e3o est\u00e1 sozinho&#8221; continue a criar um ambiente de apoio e compreens\u00e3o em nossa empresa, onde todos possam buscar ajuda quando necess\u00e1rio e, acima de tudo, saibam que a Logmed est\u00e1 aqui para apoiar cada passo do caminho na jornada da sa\u00fade mental. Juntos, podemos enfrentar a depress\u00e3o e promover um ambiente de trabalho mais saud\u00e1vel e acolhedor. J\u00e1 passou por essa situa\u00e7\u00e3o? Conhece algu\u00e9m que est\u00e1 precisando de ajuda?Acesse o [&hellip;]<\/p>\n","protected":false},"author":2,"featured_media":16992,"comment_status":"open","ping_status":"open","sticky":false,"template":"","format":"standard","meta":{"footnotes":""},"categories":[9],"tags":[],"class_list":["post-16991","post","type-post","status-publish","format-standard","has-post-thumbnail","hentry","category-logmed"],"_links":{"self":[{"href":"https:\/\/logmed.net\/index.php?rest_route=\/wp\/v2\/posts\/16991","targetHints":{"allow":["GET"]}}],"collection":[{"href":"https:\/\/logmed.net\/index.php?rest_route=\/wp\/v2\/posts"}],"about":[{"href":"https:\/\/logmed.net\/index.php?rest_route=\/wp\/v2\/types\/post"}],"author":[{"embeddable":true,"href":"https:\/\/logmed.net\/index.php?rest_route=\/wp\/v2\/users\/2"}],"replies":[{"embeddable":true,"href":"https:\/\/logmed.net\/index.php?rest_route=%2Fwp%2Fv2%2Fcomments&post=16991"}],"version-history":[{"count":0,"href":"https:\/\/logmed.net\/index.php?rest_route=\/wp\/v2\/posts\/16991\/revisions"}],"wp:featuredmedia":[{"embeddable":true,"href":"https:\/\/logmed.net\/index.php?rest_route=\/"}],"wp:attachment":[{"href":"https:\/\/logmed.net\/index.php?rest_route=%2Fwp%2Fv2%2Fmedia&parent=16991"}],"wp:term":[{"taxonomy":"category","embeddable":true,"href":"https:\/\/logmed.net\/index.php?rest_route=%2Fwp%2Fv2%2Fcategories&post=16991"},{"taxonomy":"post_tag","embeddable":true,"href":"https:\/\/logmed.net\/index.php?rest_route=%2Fwp%2Fv2%2Ftags&post=16991"}],"curies":[{"name":"wp","href":"https:\/\/api.w.org\/{rel}","templated":true}]}}