{"id":16782,"date":"2023-05-30T21:00:31","date_gmt":"2023-05-30T21:00:31","guid":{"rendered":"http:\/\/logmed.net\/?p=16782"},"modified":"2023-05-30T21:00:31","modified_gmt":"2023-05-30T21:00:31","slug":"logmed-conquista-premio-lideres-da-saude-2022-na-categoria-de-logistica","status":"publish","type":"post","link":"https:\/\/logmed.net\/?p=16782","title":{"rendered":"Logmed conquista pr\u00eamio L\u00edderes da Sa\u00fade 2022 na categoria de log\u00edstica"},"content":{"rendered":"<p>A Logmed acaba de receber o<strong> pr\u00eamio L\u00edderes da Sa\u00fade 2022<\/strong>, na <strong>categoria de log\u00edstica<\/strong>.<\/p>\n<p>O pr\u00eamio, organizado e realizado pelo Grupo M\u00eddia \u00e9 um dos maiores reconhecimentos entre as ind\u00fastrias, fornecedores, distribuidores, operadoras, entidades setoriais, entre outros players da cadeia da sa\u00fade.<\/p>\n<p>A cerim\u00f4nia de premia\u00e7\u00e3o, que aconteceu na noite de hoje no Hotel Renaissance, em S\u00e3o Paulo, contou com a presen\u00e7a dos diretores da Logmed Danilo Magri e Ricardo Caldi.<\/p>\n<p>\u201cEste pr\u00eamio \u00e9 o reconhecimento de anos de trabalho s\u00e9rio e dedicado \u00e0 log\u00edstica na \u00e1rea da sa\u00fade, que come\u00e7ou la em 2009 e at\u00e9 hoje , mesmo crescendo todos os anos n\u00e3o perdemos nossa DNA de customiza\u00e7\u00e3o e atendimento pessoal aos nossos clientes. Estamos realmente muito felizes com essa conquista e rumo aos pr\u00f3ximos!\u201d, declara Danilo Magri, CEO da Logmed.<\/p>\n<p>Agradecemos a todos os colaboradores, clientes, fornecedores, parceiros e amigos que acreditam em nosso trabalho e que votaram para que a Logmed ganhasse mais esse pr\u00eamio.<\/p>\n<p><img loading=\"lazy\" decoding=\"async\" class=\" wp-image-16788 alignleft\" src=\"http:\/\/logmed.net\/wp-content\/uploads\/2023\/06\/1685498120730.jpg\" alt=\"\" width=\"468\" height=\"624\" \/> <img loading=\"lazy\" decoding=\"async\" class=\" wp-image-16786 alignleft\" src=\"http:\/\/logmed.net\/wp-content\/uploads\/2023\/06\/1685498120674.jpg\" alt=\"\" width=\"468\" height=\"624\" \/> <img loading=\"lazy\" decoding=\"async\" class=\" wp-image-16783 alignleft\" src=\"http:\/\/logmed.net\/wp-content\/uploads\/2023\/06\/1685498120343.jpg\" alt=\"\" width=\"459\" height=\"612\" \/><\/p>\n<p><img loading=\"lazy\" decoding=\"async\" class=\" wp-image-16789 alignleft\" src=\"http:\/\/logmed.net\/wp-content\/uploads\/2023\/06\/1685498121526.jpg\" alt=\"\" width=\"460\" height=\"613\" \/><\/p>\n<p><img loading=\"lazy\" decoding=\"async\" class=\"alignnone wp-image-16790\" src=\"http:\/\/logmed.net\/wp-content\/uploads\/2023\/06\/1685498121579-1.jpg\" alt=\"\" width=\"475\" height=\"356\" \/>\u00a0<img loading=\"lazy\" decoding=\"async\" class=\"alignnone wp-image-16785\" src=\"http:\/\/logmed.net\/wp-content\/uploads\/2023\/06\/1685498120635.jpg\" alt=\"\" width=\"475\" height=\"356\" \/><\/p>\n<p>#premiolideresdasaude\u00a0#categorialogistica #destaquenosetor<\/p>\n","protected":false},"excerpt":{"rendered":"<p>A Logmed acaba de receber o pr\u00eamio L\u00edderes da Sa\u00fade 2022, na categoria de log\u00edstica. O pr\u00eamio, organizado e realizado pelo Grupo M\u00eddia \u00e9 um dos maiores reconhecimentos entre as ind\u00fastrias, fornecedores, distribuidores, operadoras, entidades setoriais, entre outros players da cadeia da sa\u00fade. A cerim\u00f4nia de premia\u00e7\u00e3o, que aconteceu na noite de hoje no Hotel Renaissance, em S\u00e3o Paulo, contou com a presen\u00e7a dos diretores da Logmed Danilo Magri e Ricardo Caldi. \u201cEste pr\u00eamio \u00e9 o reconhecimento de anos de trabalho s\u00e9rio e dedicado \u00e0 log\u00edstica na \u00e1rea da sa\u00fade, que come\u00e7ou la em 2009 e at\u00e9 hoje , mesmo crescendo todos os anos n\u00e3o perdemos nossa DNA de customiza\u00e7\u00e3o e atendimento pessoal aos nossos clientes. Estamos realmente muito felizes com essa conquista e rumo aos pr\u00f3ximos!\u201d, declara Danilo Magri, CEO da Logmed. Agradecemos a todos os colaboradores, clientes, fornecedores, parceiros e amigos que acreditam em nosso trabalho e que votaram para que a Logmed ganhasse mais esse pr\u00eamio. \u00a0 #premiolideresdasaude\u00a0#categorialogistica #destaquenosetor<\/p>\n","protected":false},"author":2,"featured_media":16784,"comment_status":"open","ping_status":"open","sticky":false,"template":"","format":"standard","meta":{"footnotes":""},"categories":[9],"tags":[],"class_list":["post-16782","post","type-post","status-publish","format-standard","has-post-thumbnail","hentry","category-logmed"],"_links":{"self":[{"href":"https:\/\/logmed.net\/index.php?rest_route=\/wp\/v2\/posts\/16782","targetHints":{"allow":["GET"]}}],"collection":[{"href":"https:\/\/logmed.net\/index.php?rest_route=\/wp\/v2\/posts"}],"about":[{"href":"https:\/\/logmed.net\/index.php?rest_route=\/wp\/v2\/types\/post"}],"author":[{"embeddable":true,"href":"https:\/\/logmed.net\/index.php?rest_route=\/wp\/v2\/users\/2"}],"replies":[{"embeddable":true,"href":"https:\/\/logmed.net\/index.php?rest_route=%2Fwp%2Fv2%2Fcomments&post=16782"}],"version-history":[{"count":0,"href":"https:\/\/logmed.net\/index.php?rest_route=\/wp\/v2\/posts\/16782\/revisions"}],"wp:featuredmedia":[{"embeddable":true,"href":"https:\/\/logmed.net\/index.php?rest_route=\/"}],"wp:attachment":[{"href":"https:\/\/logmed.net\/index.php?rest_route=%2Fwp%2Fv2%2Fmedia&parent=16782"}],"wp:term":[{"taxonomy":"category","embeddable":true,"href":"https:\/\/logmed.net\/index.php?rest_route=%2Fwp%2Fv2%2Fcategories&post=16782"},{"taxonomy":"post_tag","embeddable":true,"href":"https:\/\/logmed.net\/index.php?rest_route=%2Fwp%2Fv2%2Ftags&post=16782"}],"curies":[{"name":"wp","href":"https:\/\/api.w.org\/{rel}","templated":true}]}}