{"id":16724,"date":"2023-03-28T17:00:46","date_gmt":"2023-03-28T17:00:46","guid":{"rendered":"http:\/\/logmed.net\/?p=16724"},"modified":"2023-03-28T17:00:46","modified_gmt":"2023-03-28T17:00:46","slug":"sou-parte-conheca-bruno-lima-analista-de-logistica-na-logmed-sao-jose-dos-campos","status":"publish","type":"post","link":"https:\/\/logmed.net\/?p=16724","title":{"rendered":"Sou Parte: conhe\u00e7a Bruno Lima, analista de log\u00edstica na Logmed S\u00e3o Jos\u00e9 dos Campos"},"content":{"rendered":"<p><img loading=\"lazy\" decoding=\"async\" class=\" wp-image-16725 alignleft\" src=\"http:\/\/logmed.net\/wp-content\/uploads\/2023\/05\/3.jpg\" alt=\"\" width=\"455\" height=\"455\" \/>Conhe\u00e7a a hist\u00f3ria do Bruno, analista de log\u00edstica da Logmed.<\/p>\n<p>No ano de 2020, Bruno entrou na empresa para atuar em uma demanda tempor\u00e1ria na \u00e1rea de adequa\u00e7\u00e3o. Com um \u00f3timo desempenho em suas atividades, em setembro do mesmo ano, ele foi convidado para fazer parte do quaro efetivo para atuar como auxiliar de log\u00edstica na opera\u00e7\u00e3o da matriz em S\u00e3o Jos\u00e9 dos Campos.<\/p>\n<p>O desenvolvimento do Bruno \u00e9 crescente e n\u00e3o demorou muito para ele assumir o cargo de assistente de log\u00edstica com novas responsabilidades no departamento de transportes.<\/p>\n<p>Atualmente, ele recebeu um novo reconhecimento e alcan\u00e7ou mais um degrau em sua carreira assumindo a fun\u00e7\u00e3o de analista de log\u00edstica com a miss\u00e3o de buscar a melhoria cont\u00ednua em todos os processos.<\/p>\n<p>A Logmed acredita que bons profissionais sempre encontram espa\u00e7o para crescer, se destacar e se desenvolver. Por isso, oferece os conhecimentos necess\u00e1rios para estarem sempre prontos para os novos desafios e oportunidades.<\/p>\n<p>\u201cSucesso, Bruno. Continue acreditando em seu potencial e focando em seu desenvolvimento profissional em cada nova etapa. Voe alto!\u201d, Sara Miacci, coordenadora de Recursos Humano do Grupo Logmed.<\/p>\n<p><a href=\"https:\/\/www.linkedin.com\/feed\/hashtag\/?keywords=gestaologistica&amp;highlightedUpdateUrns=urn%3Ali%3Aactivity%3A7046451066585907200\" data-attribute-index=\"0\">#gestaologistica<\/a>\u00a0<a href=\"https:\/\/www.linkedin.com\/feed\/hashtag\/?keywords=logisticahospitalar&amp;highlightedUpdateUrns=urn%3Ali%3Aactivity%3A7046451066585907200\" data-attribute-index=\"1\">#logisticahospitalar<\/a>\u00a0<a href=\"https:\/\/www.linkedin.com\/feed\/hashtag\/?keywords=operadorlogistico&amp;highlightedUpdateUrns=urn%3Ali%3Aactivity%3A7046451066585907200\" data-attribute-index=\"2\">#operadorlogistico<\/a>\u00a0<a href=\"https:\/\/www.linkedin.com\/feed\/hashtag\/?keywords=logisticaparasalvarvidas&amp;highlightedUpdateUrns=urn%3Ali%3Aactivity%3A7046451066585907200\" data-attribute-index=\"3\">#logisticaparasalvarvidas<\/a>\u00a0<a href=\"https:\/\/www.linkedin.com\/feed\/hashtag\/?keywords=logmed&amp;highlightedUpdateUrns=urn%3Ali%3Aactivity%3A7046451066585907200\" data-attribute-index=\"4\">#logmed<\/a>\u00a0<a href=\"https:\/\/www.linkedin.com\/feed\/hashtag\/?keywords=souparte&amp;highlightedUpdateUrns=urn%3Ali%3Aactivity%3A7046451066585907200\" data-attribute-index=\"5\">#souparte<\/a><\/p>\n","protected":false},"excerpt":{"rendered":"<p>Conhe\u00e7a a hist\u00f3ria do Bruno, analista de log\u00edstica da Logmed. No ano de 2020, Bruno entrou na empresa para atuar em uma demanda tempor\u00e1ria na \u00e1rea de adequa\u00e7\u00e3o. Com um \u00f3timo desempenho em suas atividades, em setembro do mesmo ano, ele foi convidado para fazer parte do quaro efetivo para atuar como auxiliar de log\u00edstica na opera\u00e7\u00e3o da matriz em S\u00e3o Jos\u00e9 dos Campos. O desenvolvimento do Bruno \u00e9 crescente e n\u00e3o demorou muito para ele assumir o cargo de assistente de log\u00edstica com novas responsabilidades no departamento de transportes. Atualmente, ele recebeu um novo reconhecimento e alcan\u00e7ou mais um degrau em sua carreira assumindo a fun\u00e7\u00e3o de analista de log\u00edstica com a miss\u00e3o de buscar a melhoria cont\u00ednua em todos os processos. A Logmed acredita que bons profissionais sempre encontram espa\u00e7o para crescer, se destacar e se desenvolver. Por isso, oferece os conhecimentos necess\u00e1rios para estarem sempre prontos para os novos desafios e oportunidades. \u201cSucesso, Bruno. Continue acreditando em seu potencial e focando em seu desenvolvimento profissional em cada nova etapa. Voe alto!\u201d, Sara Miacci, coordenadora de Recursos Humano do Grupo Logmed. #gestaologistica\u00a0#logisticahospitalar\u00a0#operadorlogistico\u00a0#logisticaparasalvarvidas\u00a0#logmed\u00a0#souparte<\/p>\n","protected":false},"author":2,"featured_media":16725,"comment_status":"open","ping_status":"open","sticky":false,"template":"","format":"standard","meta":{"footnotes":""},"categories":[13],"tags":[],"class_list":["post-16724","post","type-post","status-publish","format-standard","has-post-thumbnail","hentry","category-souparte"],"_links":{"self":[{"href":"https:\/\/logmed.net\/index.php?rest_route=\/wp\/v2\/posts\/16724","targetHints":{"allow":["GET"]}}],"collection":[{"href":"https:\/\/logmed.net\/index.php?rest_route=\/wp\/v2\/posts"}],"about":[{"href":"https:\/\/logmed.net\/index.php?rest_route=\/wp\/v2\/types\/post"}],"author":[{"embeddable":true,"href":"https:\/\/logmed.net\/index.php?rest_route=\/wp\/v2\/users\/2"}],"replies":[{"embeddable":true,"href":"https:\/\/logmed.net\/index.php?rest_route=%2Fwp%2Fv2%2Fcomments&post=16724"}],"version-history":[{"count":0,"href":"https:\/\/logmed.net\/index.php?rest_route=\/wp\/v2\/posts\/16724\/revisions"}],"wp:featuredmedia":[{"embeddable":true,"href":"https:\/\/logmed.net\/index.php?rest_route=\/"}],"wp:attachment":[{"href":"https:\/\/logmed.net\/index.php?rest_route=%2Fwp%2Fv2%2Fmedia&parent=16724"}],"wp:term":[{"taxonomy":"category","embeddable":true,"href":"https:\/\/logmed.net\/index.php?rest_route=%2Fwp%2Fv2%2Fcategories&post=16724"},{"taxonomy":"post_tag","embeddable":true,"href":"https:\/\/logmed.net\/index.php?rest_route=%2Fwp%2Fv2%2Ftags&post=16724"}],"curies":[{"name":"wp","href":"https:\/\/api.w.org\/{rel}","templated":true}]}}