{"id":16704,"date":"2023-03-02T12:54:22","date_gmt":"2023-03-02T12:54:22","guid":{"rendered":"http:\/\/logmed.net\/?p=16704"},"modified":"2023-03-02T12:54:22","modified_gmt":"2023-03-02T12:54:22","slug":"sou-parte-conheca-fagner-alexandre-assistente-de-logistica-na-logmed-valinhos","status":"publish","type":"post","link":"https:\/\/logmed.net\/?p=16704","title":{"rendered":"Sou Parte: conhe\u00e7a Fagner Alexandre, assistente de log\u00edstica na Logmed Valinhos"},"content":{"rendered":"<p><img loading=\"lazy\" decoding=\"async\" class=\" wp-image-16705 alignleft\" src=\"http:\/\/logmed.net\/wp-content\/uploads\/2023\/03\/1677754658236.jpeg\" alt=\"sou parte logmed\" width=\"357\" height=\"358\" \/>Conhe\u00e7a a hist\u00f3ria do Fagner Alexandre de Freitas, assistente de log\u00edstica na Logmed Valinhos.<\/p>\n<p>Em dezembro de 2018, Fagner entrou na Logmed como auxiliar de log\u00edstica e se destacou, rapidamente, por seu senso de dono, responsabilidade e comprometimento com as atividades exercidas.<\/p>\n<p>N\u00e3o \u00e9 \u00e0 toa, que em janeiro de 2020, ele foi promovido \u00e0 assistente de log\u00edstica e, em agosto de 2021, mudou de n\u00edvel dentro do cargo exercido.<\/p>\n<p>Respons\u00e1vel por uma parte do armaz\u00e9m, o colaborador se destaca por ser organizado, antenado e questionador. \u201cFagner est\u00e1 sempre de atento aos processos de seu setor e se tem d\u00favida sobre a efici\u00eancia de alguma etapa, ele documenta e compartilha com seu time em busca de inova\u00e7\u00e3o e evolu\u00e7\u00e3o dos procedimentos, visando um melhor atendimento aos clientes\u201d, afirma Claudinei de Oliveira, gerente de log\u00edstica da Logmed.<\/p>\n<p>Fagner atua com o atendimento \u00e0s urg\u00eancias dentro do armaz\u00e9m da Logmed Valinhos. Ele tamb\u00e9m d\u00e1 todo suporte necess\u00e1rio a \u00e1rea de adequa\u00e7\u00e3o dos produtos e \u00e9 respons\u00e1vel por treinar os profissionais tempor\u00e1rios que atuam no armaz\u00e9m.<\/p>\n<p>Parab\u00e9ns pelo trabalho desenvolvido Fagner! Ter profissionais com o seu senso de dono \u00e9 muito importante para o crescimento e desenvolvimento da Logmed.<\/p>\n<p><a href=\"https:\/\/www.linkedin.com\/feed\/hashtag\/?keywords=logmed&amp;highlightedUpdateUrns=urn%3Ali%3Aactivity%3A7037013077233389568\" data-attribute-index=\"0\">#logmed<\/a>\u00a0<a href=\"https:\/\/www.linkedin.com\/feed\/hashtag\/?keywords=souparte&amp;highlightedUpdateUrns=urn%3Ali%3Aactivity%3A7037013077233389568\" data-attribute-index=\"1\">#souparte<\/a>\u00a0<a href=\"https:\/\/www.linkedin.com\/feed\/hashtag\/?keywords=operadoralogistica&amp;highlightedUpdateUrns=urn%3Ali%3Aactivity%3A7037013077233389568\" data-attribute-index=\"2\">#operadoralogistica<\/a>\u00a0<a href=\"https:\/\/www.linkedin.com\/feed\/hashtag\/?keywords=logisticahospitalar&amp;highlightedUpdateUrns=urn%3Ali%3Aactivity%3A7037013077233389568\" data-attribute-index=\"3\">#logisticahospitalar<\/a><\/p>\n","protected":false},"excerpt":{"rendered":"<p>Conhe\u00e7a a hist\u00f3ria do Fagner Alexandre de Freitas, assistente de log\u00edstica na Logmed Valinhos. Em dezembro de 2018, Fagner entrou na Logmed como auxiliar de log\u00edstica e se destacou, rapidamente, por seu senso de dono, responsabilidade e comprometimento com as atividades exercidas. N\u00e3o \u00e9 \u00e0 toa, que em janeiro de 2020, ele foi promovido \u00e0 assistente de log\u00edstica e, em agosto de 2021, mudou de n\u00edvel dentro do cargo exercido. Respons\u00e1vel por uma parte do armaz\u00e9m, o colaborador se destaca por ser organizado, antenado e questionador. \u201cFagner est\u00e1 sempre de atento aos processos de seu setor e se tem d\u00favida sobre a efici\u00eancia de alguma etapa, ele documenta e compartilha com seu time em busca de inova\u00e7\u00e3o e evolu\u00e7\u00e3o dos procedimentos, visando um melhor atendimento aos clientes\u201d, afirma Claudinei de Oliveira, gerente de log\u00edstica da Logmed. Fagner atua com o atendimento \u00e0s urg\u00eancias dentro do armaz\u00e9m da Logmed Valinhos. Ele tamb\u00e9m d\u00e1 todo suporte necess\u00e1rio a \u00e1rea de adequa\u00e7\u00e3o dos produtos e \u00e9 respons\u00e1vel por treinar os profissionais tempor\u00e1rios que atuam no armaz\u00e9m. Parab\u00e9ns pelo trabalho desenvolvido Fagner! Ter profissionais com o seu senso de dono \u00e9 muito importante para o crescimento e desenvolvimento da Logmed. #logmed\u00a0#souparte\u00a0#operadoralogistica\u00a0#logisticahospitalar<\/p>\n","protected":false},"author":2,"featured_media":16705,"comment_status":"open","ping_status":"open","sticky":false,"template":"","format":"standard","meta":{"footnotes":""},"categories":[13],"tags":[],"class_list":["post-16704","post","type-post","status-publish","format-standard","has-post-thumbnail","hentry","category-souparte"],"_links":{"self":[{"href":"https:\/\/logmed.net\/index.php?rest_route=\/wp\/v2\/posts\/16704","targetHints":{"allow":["GET"]}}],"collection":[{"href":"https:\/\/logmed.net\/index.php?rest_route=\/wp\/v2\/posts"}],"about":[{"href":"https:\/\/logmed.net\/index.php?rest_route=\/wp\/v2\/types\/post"}],"author":[{"embeddable":true,"href":"https:\/\/logmed.net\/index.php?rest_route=\/wp\/v2\/users\/2"}],"replies":[{"embeddable":true,"href":"https:\/\/logmed.net\/index.php?rest_route=%2Fwp%2Fv2%2Fcomments&post=16704"}],"version-history":[{"count":0,"href":"https:\/\/logmed.net\/index.php?rest_route=\/wp\/v2\/posts\/16704\/revisions"}],"wp:featuredmedia":[{"embeddable":true,"href":"https:\/\/logmed.net\/index.php?rest_route=\/"}],"wp:attachment":[{"href":"https:\/\/logmed.net\/index.php?rest_route=%2Fwp%2Fv2%2Fmedia&parent=16704"}],"wp:term":[{"taxonomy":"category","embeddable":true,"href":"https:\/\/logmed.net\/index.php?rest_route=%2Fwp%2Fv2%2Fcategories&post=16704"},{"taxonomy":"post_tag","embeddable":true,"href":"https:\/\/logmed.net\/index.php?rest_route=%2Fwp%2Fv2%2Ftags&post=16704"}],"curies":[{"name":"wp","href":"https:\/\/api.w.org\/{rel}","templated":true}]}}