{"id":16694,"date":"2023-02-13T11:00:06","date_gmt":"2023-02-13T11:00:06","guid":{"rendered":"http:\/\/logmed.net\/?p=16694"},"modified":"2023-02-13T11:00:06","modified_gmt":"2023-02-13T11:00:06","slug":"sou-parte-conheca-ana-paula-analista-de-logistica-na-logmed-de-ribeirao-preto","status":"publish","type":"post","link":"https:\/\/logmed.net\/?p=16694","title":{"rendered":"Sou Parte: conhe\u00e7a Ana Paula, analista de log\u00edstica na Logmed de Ribeir\u00e3o Preto"},"content":{"rendered":"<p><img loading=\"lazy\" decoding=\"async\" class=\" wp-image-16695 alignleft\" src=\"http:\/\/logmed.net\/wp-content\/uploads\/2023\/03\/1676325205215.jpeg\" alt=\"\" width=\"348\" height=\"348\" \/>O \u201cSou Parte\u201d apresenta a hist\u00f3ria da Ana Paula de Faria Silva, Analista de Log\u00edstica na Logmed de Ribeir\u00e3o Preto.<\/p>\n<p>A colaboradora Ana entrou para somar ao time Logmed em fevereiro de 2020 e, neste m\u00eas, vai comemorar tr\u00eas anos de empresa com muitos desafios vencidos.<\/p>\n<p>Os primeiros passos da Ana j\u00e1 foram em cargo estrat\u00e9gico. Seu papel era trazer dinamismo e rapidez aos processos internos da unidade.<\/p>\n<p>\u201c\u00c9 dif\u00edcil ver uma profissional com o senso de urg\u00eancia da Ana. Ela \u00e9 objetiva, focada e tem como meta manter os indicadores de resultados sempre positivos para atender os clientes com qualidade e seguran\u00e7a.\u201d, afirma Adriana Oliveira, coordenadora da unidade.<\/p>\n<p>Ao longo desses 3 anos, Ana se desenvolveu muito profissionalmente e o resultado foi a promo\u00e7\u00e3o para novos n\u00edveis dentro de sua atividade de trabalho, se tornando bra\u00e7o direito da coordena\u00e7\u00e3o da unidade de neg\u00f3cios de Ribeir\u00e3o Preto.<\/p>\n<p>A trajet\u00f3ria da Ana Paula \u00e9 um dos grandes exemplos de crescimento quando um colaborador atua com o senso de pertencimento e dedica\u00e7\u00e3o no desempenho da fun\u00e7\u00e3o.<\/p>\n<p>A Logmed sempre incentiva e investe em seus profissionais para que eles possam crescer e se desenvolver em suas carreiras.<\/p>\n<p><a href=\"https:\/\/www.linkedin.com\/feed\/hashtag\/?keywords=logmed&amp;highlightedUpdateUrns=urn%3Ali%3Aactivity%3A7031017515816214528\" data-attribute-index=\"0\">#logmed<\/a>\u00a0<a href=\"https:\/\/www.linkedin.com\/feed\/hashtag\/?keywords=souparte&amp;highlightedUpdateUrns=urn%3Ali%3Aactivity%3A7031017515816214528\" data-attribute-index=\"1\">#souparte<\/a>\u00a0<a href=\"https:\/\/www.linkedin.com\/feed\/hashtag\/?keywords=operadoralogistica&amp;highlightedUpdateUrns=urn%3Ali%3Aactivity%3A7031017515816214528\" data-attribute-index=\"2\">#operadoralogistica<\/a>\u00a0<a href=\"https:\/\/www.linkedin.com\/feed\/hashtag\/?keywords=logisticahospitalar&amp;highlightedUpdateUrns=urn%3Ali%3Aactivity%3A7031017515816214528\" data-attribute-index=\"3\">#logisticahospitalar<\/a><\/p>\n","protected":false},"excerpt":{"rendered":"<p>O \u201cSou Parte\u201d apresenta a hist\u00f3ria da Ana Paula de Faria Silva, Analista de Log\u00edstica na Logmed de Ribeir\u00e3o Preto. A colaboradora Ana entrou para somar ao time Logmed em fevereiro de 2020 e, neste m\u00eas, vai comemorar tr\u00eas anos de empresa com muitos desafios vencidos. Os primeiros passos da Ana j\u00e1 foram em cargo estrat\u00e9gico. Seu papel era trazer dinamismo e rapidez aos processos internos da unidade. \u201c\u00c9 dif\u00edcil ver uma profissional com o senso de urg\u00eancia da Ana. Ela \u00e9 objetiva, focada e tem como meta manter os indicadores de resultados sempre positivos para atender os clientes com qualidade e seguran\u00e7a.\u201d, afirma Adriana Oliveira, coordenadora da unidade. Ao longo desses 3 anos, Ana se desenvolveu muito profissionalmente e o resultado foi a promo\u00e7\u00e3o para novos n\u00edveis dentro de sua atividade de trabalho, se tornando bra\u00e7o direito da coordena\u00e7\u00e3o da unidade de neg\u00f3cios de Ribeir\u00e3o Preto. A trajet\u00f3ria da Ana Paula \u00e9 um dos grandes exemplos de crescimento quando um colaborador atua com o senso de pertencimento e dedica\u00e7\u00e3o no desempenho da fun\u00e7\u00e3o. A Logmed sempre incentiva e investe em seus profissionais para que eles possam crescer e se desenvolver em suas carreiras. #logmed\u00a0#souparte\u00a0#operadoralogistica\u00a0#logisticahospitalar<\/p>\n","protected":false},"author":2,"featured_media":16695,"comment_status":"open","ping_status":"open","sticky":false,"template":"","format":"standard","meta":{"footnotes":""},"categories":[13],"tags":[],"class_list":["post-16694","post","type-post","status-publish","format-standard","has-post-thumbnail","hentry","category-souparte"],"_links":{"self":[{"href":"https:\/\/logmed.net\/index.php?rest_route=\/wp\/v2\/posts\/16694","targetHints":{"allow":["GET"]}}],"collection":[{"href":"https:\/\/logmed.net\/index.php?rest_route=\/wp\/v2\/posts"}],"about":[{"href":"https:\/\/logmed.net\/index.php?rest_route=\/wp\/v2\/types\/post"}],"author":[{"embeddable":true,"href":"https:\/\/logmed.net\/index.php?rest_route=\/wp\/v2\/users\/2"}],"replies":[{"embeddable":true,"href":"https:\/\/logmed.net\/index.php?rest_route=%2Fwp%2Fv2%2Fcomments&post=16694"}],"version-history":[{"count":0,"href":"https:\/\/logmed.net\/index.php?rest_route=\/wp\/v2\/posts\/16694\/revisions"}],"wp:featuredmedia":[{"embeddable":true,"href":"https:\/\/logmed.net\/index.php?rest_route=\/"}],"wp:attachment":[{"href":"https:\/\/logmed.net\/index.php?rest_route=%2Fwp%2Fv2%2Fmedia&parent=16694"}],"wp:term":[{"taxonomy":"category","embeddable":true,"href":"https:\/\/logmed.net\/index.php?rest_route=%2Fwp%2Fv2%2Fcategories&post=16694"},{"taxonomy":"post_tag","embeddable":true,"href":"https:\/\/logmed.net\/index.php?rest_route=%2Fwp%2Fv2%2Ftags&post=16694"}],"curies":[{"name":"wp","href":"https:\/\/api.w.org\/{rel}","templated":true}]}}