{"id":16666,"date":"2023-01-16T14:17:20","date_gmt":"2023-01-16T14:17:20","guid":{"rendered":"http:\/\/logmed.net\/?p=16666"},"modified":"2023-01-16T14:17:20","modified_gmt":"2023-01-16T14:17:20","slug":"logmed-faz-movimentacao-estrategica-no-corpo-diretivo-visando-crescimento-para-202","status":"publish","type":"post","link":"https:\/\/logmed.net\/?p=16666","title":{"rendered":"Logmed faz movimenta\u00e7\u00e3o estrat\u00e9gica no corpo diretivo visando crescimento para 202"},"content":{"rendered":"<p><img loading=\"lazy\" decoding=\"async\" class=\" wp-image-16667 alignleft\" src=\"http:\/\/logmed.net\/wp-content\/uploads\/2023\/01\/1673873879411-1.jpeg\" alt=\"\" width=\"468\" height=\"468\" \/>Depois de um ano do lan\u00e7amento do primeiro Centro de Servi\u00e7os Compartilhados no Brasil, a operadora especializada em gest\u00e3o log\u00edstica hospitalar integrada est\u00e1 pronta para mais uma mudan\u00e7a.<\/p>\n<p>A partir de janeiro de 2023, Danilo Magri, antes diretor comercial, assume a presid\u00eancia do Grupo Logmed e Ricardo Caldi, antigo diretor de opera\u00e7\u00f5es, se torna o diretor executivo e centraliza toda a gest\u00e3o operacional e administrativa da empresa.<\/p>\n<p>Segundo Danilo Magri, a mudan\u00e7a foi necess\u00e1ria para acompanhar e manter o grau de pioneirismo e inova\u00e7\u00e3o no segmento, cada vez mais estrat\u00e9gico e exigente.<\/p>\n<p>Com o corpo diretivo focado em planejar e executar, respectivamente, se tornam mais \u00e1geis para captar novas oportunidades de crescimento e ampliar ainda mais o modelo de neg\u00f3cio da empresa. \u201cEm 2023, o desafio \u00e9 ter mais planejamento e estrat\u00e9gia para focar em prospec\u00e7\u00f5es, novos servi\u00e7os e cidades, abrindo caminhos para oportunidades que impactar\u00e3o em um posicionamento da empresa mais maduro, focado em conectar e construir parcerias estrat\u00e9gicas, atua\u00e7\u00e3o em marketing e eventos e presen\u00e7a em f\u00f3runs com grandes nomes da lideran\u00e7a no setor m\u00e9dico hospitalar.\u201d, declara Magri.<\/p>\n<p>J\u00e1 Ricardo Caldi, com sua nova posi\u00e7\u00e3o de diretor executivo, estar\u00e1 focado na gest\u00e3o operacional e t\u00e1tica da Logmed. \u201cCom aten\u00e7\u00e3o plena na gest\u00e3o operacional e administrativa da empresa, a ideia \u00e9 desenvolver novos processos e metodologias para manter e ampliar a qualidade, efici\u00eancia e organiza\u00e7\u00e3o dos servi\u00e7os de transporte, armazenagem e customer service oferecidos pela Logmed para os mais de 350 clientes espalhados em todo territ\u00f3rio nacional.\u201d, afirma Caldi.<\/p>\n<p>A Logmed est\u00e1 em constante crescimento e evolu\u00e7\u00e3o. A empresa v\u00eam acompanhando as mudan\u00e7as do mercado de supply chain, as necessidades dos clientes e as novas oportunidades de neg\u00f3cios do setor.<\/p>\n<p>O objetivo da operadora especializada em log\u00edstica hospitalar integrada \u00e9 manter o pioneirismo no mercado nacional \u2013 se tornando refer\u00eancia nacional no setor.<\/p>\n<p>Atualmente a operadora log\u00edstica Logmed possui 10 filais nas cidades de S\u00e3o Jos\u00e9 dos Campos, Valinhos, Ribeir\u00e3o Preto, Itapevi, Rio de Janeiro, Porto Alegre, Contagem e Uberl\u00e2ndia.<\/p>\n<p>Al\u00e9m disso, s\u00e3o mais de 350 clientes em seu portf\u00f3lio e parceria com os principais hospitais e cl\u00ednicas do pa\u00eds. Indiretamente, a Logmed ajuda a salvar in\u00fameras vidas de pacientes, todos os anos, com a entrega de servi\u00e7os integrados de transporte, armazenagem, consignado e customer service.<\/p>\n<p><a href=\"https:\/\/www.linkedin.com\/feed\/hashtag\/?keywords=logmed&amp;highlightedUpdateUrns=urn%3Ali%3Aactivity%3A7020735914955948032\" data-attribute-index=\"0\">#logmed<\/a>\u00a0<a href=\"https:\/\/www.linkedin.com\/feed\/hashtag\/?keywords=negocios&amp;highlightedUpdateUrns=urn%3Ali%3Aactivity%3A7020735914955948032\" data-attribute-index=\"1\">#negocios<\/a>\u00a0<a href=\"https:\/\/www.linkedin.com\/feed\/hashtag\/?keywords=mudancaestrategica&amp;highlightedUpdateUrns=urn%3Ali%3Aactivity%3A7020735914955948032\" data-attribute-index=\"2\">#mudancaestrategica<\/a>\u00a0<a href=\"https:\/\/www.linkedin.com\/feed\/hashtag\/?keywords=logisticahospitalar&amp;highlightedUpdateUrns=urn%3Ali%3Aactivity%3A7020735914955948032\" data-attribute-index=\"3\">#logisticahospitalar<\/a>\u00a0<a href=\"https:\/\/www.linkedin.com\/feed\/hashtag\/?keywords=mercadosupplychain&amp;highlightedUpdateUrns=urn%3Ali%3Aactivity%3A7020735914955948032\" data-attribute-index=\"4\">#mercadosupplychain<\/a>\u00a0<a href=\"https:\/\/www.linkedin.com\/feed\/hashtag\/?keywords=logisticaintegrada&amp;highlightedUpdateUrns=urn%3Ali%3Aactivity%3A7020735914955948032\" data-attribute-index=\"5\">#logisticaintegrada<\/a><\/p>\n","protected":false},"excerpt":{"rendered":"<p>Depois de um ano do lan\u00e7amento do primeiro Centro de Servi\u00e7os Compartilhados no Brasil, a operadora especializada em gest\u00e3o log\u00edstica hospitalar integrada est\u00e1 pronta para mais uma mudan\u00e7a. A partir de janeiro de 2023, Danilo Magri, antes diretor comercial, assume a presid\u00eancia do Grupo Logmed e Ricardo Caldi, antigo diretor de opera\u00e7\u00f5es, se torna o diretor executivo e centraliza toda a gest\u00e3o operacional e administrativa da empresa. Segundo Danilo Magri, a mudan\u00e7a foi necess\u00e1ria para acompanhar e manter o grau de pioneirismo e inova\u00e7\u00e3o no segmento, cada vez mais estrat\u00e9gico e exigente. Com o corpo diretivo focado em planejar e executar, respectivamente, se tornam mais \u00e1geis para captar novas oportunidades de crescimento e ampliar ainda mais o modelo de neg\u00f3cio da empresa. \u201cEm 2023, o desafio \u00e9 ter mais planejamento e estrat\u00e9gia para focar em prospec\u00e7\u00f5es, novos servi\u00e7os e cidades, abrindo caminhos para oportunidades que impactar\u00e3o em um posicionamento da empresa mais maduro, focado em conectar e construir parcerias estrat\u00e9gicas, atua\u00e7\u00e3o em marketing e eventos e presen\u00e7a em f\u00f3runs com grandes nomes da lideran\u00e7a no setor m\u00e9dico hospitalar.\u201d, declara Magri. J\u00e1 Ricardo Caldi, com sua nova posi\u00e7\u00e3o de diretor executivo, estar\u00e1 focado na gest\u00e3o operacional e t\u00e1tica da Logmed. \u201cCom [&hellip;]<\/p>\n","protected":false},"author":2,"featured_media":16667,"comment_status":"open","ping_status":"open","sticky":false,"template":"","format":"standard","meta":{"footnotes":""},"categories":[9],"tags":[],"class_list":["post-16666","post","type-post","status-publish","format-standard","has-post-thumbnail","hentry","category-logmed"],"_links":{"self":[{"href":"https:\/\/logmed.net\/index.php?rest_route=\/wp\/v2\/posts\/16666","targetHints":{"allow":["GET"]}}],"collection":[{"href":"https:\/\/logmed.net\/index.php?rest_route=\/wp\/v2\/posts"}],"about":[{"href":"https:\/\/logmed.net\/index.php?rest_route=\/wp\/v2\/types\/post"}],"author":[{"embeddable":true,"href":"https:\/\/logmed.net\/index.php?rest_route=\/wp\/v2\/users\/2"}],"replies":[{"embeddable":true,"href":"https:\/\/logmed.net\/index.php?rest_route=%2Fwp%2Fv2%2Fcomments&post=16666"}],"version-history":[{"count":0,"href":"https:\/\/logmed.net\/index.php?rest_route=\/wp\/v2\/posts\/16666\/revisions"}],"wp:featuredmedia":[{"embeddable":true,"href":"https:\/\/logmed.net\/index.php?rest_route=\/"}],"wp:attachment":[{"href":"https:\/\/logmed.net\/index.php?rest_route=%2Fwp%2Fv2%2Fmedia&parent=16666"}],"wp:term":[{"taxonomy":"category","embeddable":true,"href":"https:\/\/logmed.net\/index.php?rest_route=%2Fwp%2Fv2%2Fcategories&post=16666"},{"taxonomy":"post_tag","embeddable":true,"href":"https:\/\/logmed.net\/index.php?rest_route=%2Fwp%2Fv2%2Ftags&post=16666"}],"curies":[{"name":"wp","href":"https:\/\/api.w.org\/{rel}","templated":true}]}}