{"id":16663,"date":"2023-01-13T14:13:26","date_gmt":"2023-01-13T14:13:26","guid":{"rendered":"http:\/\/logmed.net\/?p=16663"},"modified":"2023-01-13T14:13:26","modified_gmt":"2023-01-13T14:13:26","slug":"sou-parte-conheca-alan-silva-analista-de-logistica-na-unidade-do-rio-de-janeiro","status":"publish","type":"post","link":"https:\/\/logmed.net\/?p=16663","title":{"rendered":"Sou Parte: conhe\u00e7a  Alan Silva, analista de log\u00edstica na unidade do Rio de Janeiro"},"content":{"rendered":"<p><img loading=\"lazy\" decoding=\"async\" class=\" wp-image-16664 alignleft\" src=\"http:\/\/logmed.net\/wp-content\/uploads\/2023\/01\/1673610581758.jpeg\" alt=\"\" width=\"448\" height=\"448\" \/>O primeiro \u201cSou Parte\u201d do ano vai contar a hist\u00f3ria de Alan Silva, analista de log\u00edstica na unidade do Rio de Janeiro.<\/p>\n<p>Alan entrou na Logmed em mar\u00e7o de 2021, apesar do cen\u00e1rio duvidoso em que o pa\u00eds vivia por conta da pandemia, a Logmed estava em crescimento e ampliou seu quadro de colaboradores da unidade do Rio de Janeiro.<\/p>\n<p>O novo colaborador entrou para somar ao time como auxiliar de log\u00edstica. Um profissional cheio de vontade de aprender e se desenvolver, que aproveita todas as oportunidades para conquistar um futuro promissor na Logmed.<\/p>\n<p>A LogMed \u00e9 uma empresa que d\u00e1 oportunidades e est\u00e1 sempre atenta aos que se destacam por comprometimento, dedica\u00e7\u00e3o e for\u00e7a de vontade.<\/p>\n<p>Em agosto de 2022, a Logmed abriu um processo seletivo interno para analista de log\u00edstica. Alan n\u00e3o perdeu tempo e logo se candidatou para ser treinado para atuar em uma nova fun\u00e7\u00e3o.<\/p>\n<p>O resultado de tanto esfor\u00e7o n\u00e3o poderia ser outro. Alan foi promovido e, a partir deste m\u00eas, j\u00e1 come\u00e7a a atuar no novo cargo de Analista de Log\u00edstica da opera\u00e7\u00e3o RJ.<\/p>\n<p>\u201cSucesso Alan, busque sempre mais! A Logmed se orgulha em contar com profissionais como voc\u00ea!\u201d, declara Sara Miacci, coordenadora de RH.<\/p>\n<p><a href=\"https:\/\/www.linkedin.com\/feed\/hashtag\/?keywords=souparte&amp;highlightedUpdateUrns=urn%3Ali%3Aactivity%3A7019631563990577152\" data-attribute-index=\"0\">#souparte<\/a><br \/>\n<a href=\"https:\/\/www.linkedin.com\/feed\/hashtag\/?keywords=logmedriodejaneiro&amp;highlightedUpdateUrns=urn%3Ali%3Aactivity%3A7019631563990577152\" data-attribute-index=\"1\">#logmedriodejaneiro<\/a><br \/>\n<a href=\"https:\/\/www.linkedin.com\/feed\/hashtag\/?keywords=colaboradoresengajados&amp;highlightedUpdateUrns=urn%3Ali%3Aactivity%3A7019631563990577152\" data-attribute-index=\"2\">#colaboradoresengajados<\/a><br \/>\n<a href=\"https:\/\/www.linkedin.com\/feed\/hashtag\/?keywords=capacita%C3%A7aoprofissional&amp;highlightedUpdateUrns=urn%3Ali%3Aactivity%3A7019631563990577152\" data-attribute-index=\"3\">#capacita\u00e7aoprofissional<\/a><br \/>\n<a href=\"https:\/\/www.linkedin.com\/feed\/hashtag\/?keywords=desenvolvimentodecarreira&amp;highlightedUpdateUrns=urn%3Ali%3Aactivity%3A7019631563990577152\" data-attribute-index=\"4\">#desenvolvimentodecarreira<\/a><\/p>\n","protected":false},"excerpt":{"rendered":"<p>O primeiro \u201cSou Parte\u201d do ano vai contar a hist\u00f3ria de Alan Silva, analista de log\u00edstica na unidade do Rio de Janeiro. Alan entrou na Logmed em mar\u00e7o de 2021, apesar do cen\u00e1rio duvidoso em que o pa\u00eds vivia por conta da pandemia, a Logmed estava em crescimento e ampliou seu quadro de colaboradores da unidade do Rio de Janeiro. O novo colaborador entrou para somar ao time como auxiliar de log\u00edstica. Um profissional cheio de vontade de aprender e se desenvolver, que aproveita todas as oportunidades para conquistar um futuro promissor na Logmed. A LogMed \u00e9 uma empresa que d\u00e1 oportunidades e est\u00e1 sempre atenta aos que se destacam por comprometimento, dedica\u00e7\u00e3o e for\u00e7a de vontade. Em agosto de 2022, a Logmed abriu um processo seletivo interno para analista de log\u00edstica. Alan n\u00e3o perdeu tempo e logo se candidatou para ser treinado para atuar em uma nova fun\u00e7\u00e3o. O resultado de tanto esfor\u00e7o n\u00e3o poderia ser outro. Alan foi promovido e, a partir deste m\u00eas, j\u00e1 come\u00e7a a atuar no novo cargo de Analista de Log\u00edstica da opera\u00e7\u00e3o RJ. \u201cSucesso Alan, busque sempre mais! A Logmed se orgulha em contar com profissionais como voc\u00ea!\u201d, declara Sara Miacci, coordenadora de [&hellip;]<\/p>\n","protected":false},"author":2,"featured_media":16664,"comment_status":"open","ping_status":"open","sticky":false,"template":"","format":"standard","meta":{"footnotes":""},"categories":[13],"tags":[],"class_list":["post-16663","post","type-post","status-publish","format-standard","has-post-thumbnail","hentry","category-souparte"],"_links":{"self":[{"href":"https:\/\/logmed.net\/index.php?rest_route=\/wp\/v2\/posts\/16663","targetHints":{"allow":["GET"]}}],"collection":[{"href":"https:\/\/logmed.net\/index.php?rest_route=\/wp\/v2\/posts"}],"about":[{"href":"https:\/\/logmed.net\/index.php?rest_route=\/wp\/v2\/types\/post"}],"author":[{"embeddable":true,"href":"https:\/\/logmed.net\/index.php?rest_route=\/wp\/v2\/users\/2"}],"replies":[{"embeddable":true,"href":"https:\/\/logmed.net\/index.php?rest_route=%2Fwp%2Fv2%2Fcomments&post=16663"}],"version-history":[{"count":0,"href":"https:\/\/logmed.net\/index.php?rest_route=\/wp\/v2\/posts\/16663\/revisions"}],"wp:featuredmedia":[{"embeddable":true,"href":"https:\/\/logmed.net\/index.php?rest_route=\/"}],"wp:attachment":[{"href":"https:\/\/logmed.net\/index.php?rest_route=%2Fwp%2Fv2%2Fmedia&parent=16663"}],"wp:term":[{"taxonomy":"category","embeddable":true,"href":"https:\/\/logmed.net\/index.php?rest_route=%2Fwp%2Fv2%2Fcategories&post=16663"},{"taxonomy":"post_tag","embeddable":true,"href":"https:\/\/logmed.net\/index.php?rest_route=%2Fwp%2Fv2%2Ftags&post=16663"}],"curies":[{"name":"wp","href":"https:\/\/api.w.org\/{rel}","templated":true}]}}