{"id":16637,"date":"2022-11-30T12:11:42","date_gmt":"2022-11-30T12:11:42","guid":{"rendered":"http:\/\/logmed.net\/?p=16637"},"modified":"2022-11-30T12:11:42","modified_gmt":"2022-11-30T12:11:42","slug":"sou-parte-conheca-anderson-adriano-analista-de-logistica-na-logmed-de-sao-jose-dos-campos","status":"publish","type":"post","link":"https:\/\/logmed.net\/?p=16637","title":{"rendered":"Sou Parte: conhe\u00e7a Anderson Adriano, Analista de Log\u00edstica na Logmed de S\u00e3o Jos\u00e9 dos Campos."},"content":{"rendered":"<p><img loading=\"lazy\" decoding=\"async\" class=\" wp-image-16638 alignleft\" src=\"http:\/\/logmed.net\/wp-content\/uploads\/2022\/12\/1669726858899.jpeg\" alt=\"\" width=\"410\" height=\"410\" \/>O Sou Parte de hoje conta a hist\u00f3ria do Anderson Adriano, Analista de Log\u00edstica, na Logmed de S\u00e3o Jos\u00e9 dos Campos.<\/p>\n<p>Anderson conheceu a Logmed quando ainda atuava como prestador de servi\u00e7o da empresa. O seu desempenho e compromisso com as atividades, fizeram com que ele se destacasse e fosse convidado para fazer parte do time interno da Logmed.<\/p>\n<p>Em abril de 2011, Anderson aceitou o novo desafio e passou a fazer parte do quadro de funcion\u00e1rios da Logmed.<\/p>\n<p>Mais de dez anos se passaram e, atualmente, Anderson atua como Analista de Log\u00edstica II na \u00e1rea de opera\u00e7\u00e3o da empresa.<\/p>\n<p>Confira o depoimento do Anderson sobre sua jornada aqui na Logmed:<\/p>\n<p>\u201cApesar da inseguran\u00e7a inicial em trocar de emprego, hoje tenho certeza que fiz a melhor escolha e tenho muito orgulho de estar aonde estou.<\/p>\n<p>Nunca vou esquecer o carinho com o qual fui tratado quando tive que me afastar durante 7 meses por conta de um problema de sa\u00fade.<\/p>\n<p>Tenho uma grande admira\u00e7\u00e3o por toda equipe da Logmed e tenho a certeza de que por mais turbulento que esteja o mundo, diante de toda a crise que vivemos como foi o caso da pandemia, tenho um lugar que me traz seguran\u00e7a para continuar trabalhando e me dedicando a salvar vidas.\u201d, declara Anderson.<\/p>\n<p><a href=\"https:\/\/www.linkedin.com\/feed\/hashtag\/?keywords=logmed&amp;highlightedUpdateUrns=urn%3Ali%3Aactivity%3A7003342045310271488\" data-attribute-index=\"0\">#Logmed<\/a>\u00a0<a href=\"https:\/\/www.linkedin.com\/feed\/hashtag\/?keywords=souparte&amp;highlightedUpdateUrns=urn%3Ali%3Aactivity%3A7003342045310271488\" data-attribute-index=\"1\">#souparte<\/a>\u00a0<a href=\"https:\/\/www.linkedin.com\/feed\/hashtag\/?keywords=orgulhoempertencer&amp;highlightedUpdateUrns=urn%3Ali%3Aactivity%3A7003342045310271488\" data-attribute-index=\"2\">#orgulhoempertencer<\/a>\u00a0<a href=\"https:\/\/www.linkedin.com\/feed\/hashtag\/?keywords=timelogmed&amp;highlightedUpdateUrns=urn%3Ali%3Aactivity%3A7003342045310271488\" data-attribute-index=\"3\">#timeLogmed<\/a>\u00a0<a href=\"https:\/\/www.linkedin.com\/feed\/hashtag\/?keywords=salvarvidas&amp;highlightedUpdateUrns=urn%3Ali%3Aactivity%3A7003342045310271488\" data-attribute-index=\"4\">#salvarvidas<\/a>\u00a0<a href=\"https:\/\/www.linkedin.com\/feed\/hashtag\/?keywords=logisticaparasalvarvidas&amp;highlightedUpdateUrns=urn%3Ali%3Aactivity%3A7003342045310271488\" data-attribute-index=\"5\">#logisticaparasalvarvidas<\/a><\/p>\n","protected":false},"excerpt":{"rendered":"<p>O Sou Parte de hoje conta a hist\u00f3ria do Anderson Adriano, Analista de Log\u00edstica, na Logmed de S\u00e3o Jos\u00e9 dos Campos. Anderson conheceu a Logmed quando ainda atuava como prestador de servi\u00e7o da empresa. O seu desempenho e compromisso com as atividades, fizeram com que ele se destacasse e fosse convidado para fazer parte do time interno da Logmed. Em abril de 2011, Anderson aceitou o novo desafio e passou a fazer parte do quadro de funcion\u00e1rios da Logmed. Mais de dez anos se passaram e, atualmente, Anderson atua como Analista de Log\u00edstica II na \u00e1rea de opera\u00e7\u00e3o da empresa. Confira o depoimento do Anderson sobre sua jornada aqui na Logmed: \u201cApesar da inseguran\u00e7a inicial em trocar de emprego, hoje tenho certeza que fiz a melhor escolha e tenho muito orgulho de estar aonde estou. Nunca vou esquecer o carinho com o qual fui tratado quando tive que me afastar durante 7 meses por conta de um problema de sa\u00fade. Tenho uma grande admira\u00e7\u00e3o por toda equipe da Logmed e tenho a certeza de que por mais turbulento que esteja o mundo, diante de toda a crise que vivemos como foi o caso da pandemia, tenho um lugar que me [&hellip;]<\/p>\n","protected":false},"author":2,"featured_media":16638,"comment_status":"open","ping_status":"open","sticky":false,"template":"","format":"standard","meta":{"footnotes":""},"categories":[13],"tags":[],"class_list":["post-16637","post","type-post","status-publish","format-standard","has-post-thumbnail","hentry","category-souparte"],"_links":{"self":[{"href":"https:\/\/logmed.net\/index.php?rest_route=\/wp\/v2\/posts\/16637","targetHints":{"allow":["GET"]}}],"collection":[{"href":"https:\/\/logmed.net\/index.php?rest_route=\/wp\/v2\/posts"}],"about":[{"href":"https:\/\/logmed.net\/index.php?rest_route=\/wp\/v2\/types\/post"}],"author":[{"embeddable":true,"href":"https:\/\/logmed.net\/index.php?rest_route=\/wp\/v2\/users\/2"}],"replies":[{"embeddable":true,"href":"https:\/\/logmed.net\/index.php?rest_route=%2Fwp%2Fv2%2Fcomments&post=16637"}],"version-history":[{"count":0,"href":"https:\/\/logmed.net\/index.php?rest_route=\/wp\/v2\/posts\/16637\/revisions"}],"wp:featuredmedia":[{"embeddable":true,"href":"https:\/\/logmed.net\/index.php?rest_route=\/"}],"wp:attachment":[{"href":"https:\/\/logmed.net\/index.php?rest_route=%2Fwp%2Fv2%2Fmedia&parent=16637"}],"wp:term":[{"taxonomy":"category","embeddable":true,"href":"https:\/\/logmed.net\/index.php?rest_route=%2Fwp%2Fv2%2Fcategories&post=16637"},{"taxonomy":"post_tag","embeddable":true,"href":"https:\/\/logmed.net\/index.php?rest_route=%2Fwp%2Fv2%2Ftags&post=16637"}],"curies":[{"name":"wp","href":"https:\/\/api.w.org\/{rel}","templated":true}]}}