{"id":16589,"date":"2022-10-13T13:42:24","date_gmt":"2022-10-13T13:42:24","guid":{"rendered":"http:\/\/logmed.net\/?p=16589"},"modified":"2022-10-13T13:42:24","modified_gmt":"2022-10-13T13:42:24","slug":"sou-parte-conheca-sara-miacci-savoia-coordenadora-do-time-de-recursos-humanos-na-matriz-em-sao-jose-dos-campos","status":"publish","type":"post","link":"https:\/\/logmed.net\/?p=16589","title":{"rendered":"Sou Parte: conhe\u00e7a\u00a0Sara Miacci Savoia,  coordenadora do time de Recursos Humanos na Matriz em S\u00e3o Jos\u00e9 dos Campos"},"content":{"rendered":"<p><img loading=\"lazy\" decoding=\"async\" class=\" wp-image-16590 alignleft\" src=\"http:\/\/logmed.net\/wp-content\/uploads\/2022\/11\/1665675233155.jpeg\" alt=\"\" width=\"477\" height=\"477\" \/>O \u201cSou Parte\u201d de hoje apresenta a hist\u00f3ria da\u00a0<a href=\"https:\/\/www.linkedin.com\/in\/ACoAABrPwPoB9_pnV2hPIxnw57boPQqp_tFHM2A\" data-attribute-index=\"0\" data-entity-hovercard-id=\"urn:li:fs_miniProfile:ACoAABrPwPoB9_pnV2hPIxnw57boPQqp_tFHM2A\" data-entity-type=\"MINI_PROFILE\">Sara Miacci Savoia<\/a>, Coordenadora do Time de Recursos Humanos na Matriz em S\u00e3o Jos\u00e9 dos Campos, respons\u00e1vel por todas as filiais da empresa.<\/p>\n<p>Sara entrou na empresa em abril de 2019. Nesses quase 4 anos, a colaboradora enfrentou diversos desafios como estruturar o departamento de recursos humanos, fortalecer a cultura interna e estabelecer pol\u00edticas na empresa voltadas para o bem-estar e o constante desenvolvimento dos colaboradores dentro da Logmed.<\/p>\n<p>O time de RH duplicou de tamanho, novos projetos surgiram, muitas a\u00e7\u00f5es internas e externas aconteceram, pr\u00eamios, reconhecimentos e melhorias em diversas \u00e1reas e departamentos marcam a trajet\u00f3ria de sucesso da Sara junto ao time.<\/p>\n<p>A vontade de fazer da Logmed um verdadeiro \u201cGreat Place to Work\u201d faz\u00a0com que Sara arrisque, ouse e aproveite todas as oportunidades.<\/p>\n<p>Em agosto desse ano, Sara aceitou um novo desafio de fazer a gest\u00e3o do departamento de marketing, uma nova \u00e1rea da empresa que vem ganhando corpo e desenvolvendo novos projetos.<\/p>\n<p>\u201cA Sara \u00e9 uma colaboradora muito envolvida e que acredita, vive e inspira outros a trabalharem e se desenvolverem dentro da cultura de trabalho da Logmed. Nestes 4 anos s\u00f3 tenho a agradecer a Sara pela transforma\u00e7\u00e3o profissional e estrat\u00e9gica do nosso departamento de recursos humanos\u201d, declara\u00a0<a href=\"https:\/\/www.linkedin.com\/in\/ACoAAANsCd8BIawTf7HI9ofgSlAKpGz2yGoIp04\" data-attribute-index=\"2\" data-entity-hovercard-id=\"urn:li:fs_miniProfile:ACoAAANsCd8BIawTf7HI9ofgSlAKpGz2yGoIp04\" data-entity-type=\"MINI_PROFILE\">Danilo Magri<\/a>, diretor executivo da Logmed.<\/p>\n<p><a href=\"https:\/\/www.linkedin.com\/feed\/hashtag\/?keywords=logmed&amp;highlightedUpdateUrns=urn%3Ali%3Aactivity%3A6986348295891640320\" data-attribute-index=\"4\">#logmed<\/a>\u00a0<a href=\"https:\/\/www.linkedin.com\/feed\/hashtag\/?keywords=souparte&amp;highlightedUpdateUrns=urn%3Ali%3Aactivity%3A6986348295891640320\" data-attribute-index=\"5\">#souparte<\/a>\u00a0<a href=\"https:\/\/www.linkedin.com\/feed\/hashtag\/?keywords=timedesucesso&amp;highlightedUpdateUrns=urn%3Ali%3Aactivity%3A6986348295891640320\" data-attribute-index=\"6\">#timedesucesso<\/a>\u00a0<a href=\"https:\/\/www.linkedin.com\/feed\/hashtag\/?keywords=logisticaparasalvarvidas&amp;highlightedUpdateUrns=urn%3Ali%3Aactivity%3A6986348295891640320\" data-attribute-index=\"7\">#logisticaparasalvarvidas<\/a>\u00a0<a href=\"https:\/\/www.linkedin.com\/feed\/hashtag\/?keywords=greatplacetowork&amp;highlightedUpdateUrns=urn%3Ali%3Aactivity%3A6986348295891640320\" data-attribute-index=\"8\">#greatplacetowork<\/a>\u00a0<a href=\"https:\/\/www.linkedin.com\/feed\/hashtag\/?keywords=logisticahospitalar&amp;highlightedUpdateUrns=urn%3Ali%3Aactivity%3A6986348295891640320\" data-attribute-index=\"9\">#logisticahospitalar<\/a><\/p>\n","protected":false},"excerpt":{"rendered":"<p>O \u201cSou Parte\u201d de hoje apresenta a hist\u00f3ria da\u00a0Sara Miacci Savoia, Coordenadora do Time de Recursos Humanos na Matriz em S\u00e3o Jos\u00e9 dos Campos, respons\u00e1vel por todas as filiais da empresa. Sara entrou na empresa em abril de 2019. Nesses quase 4 anos, a colaboradora enfrentou diversos desafios como estruturar o departamento de recursos humanos, fortalecer a cultura interna e estabelecer pol\u00edticas na empresa voltadas para o bem-estar e o constante desenvolvimento dos colaboradores dentro da Logmed. O time de RH duplicou de tamanho, novos projetos surgiram, muitas a\u00e7\u00f5es internas e externas aconteceram, pr\u00eamios, reconhecimentos e melhorias em diversas \u00e1reas e departamentos marcam a trajet\u00f3ria de sucesso da Sara junto ao time. A vontade de fazer da Logmed um verdadeiro \u201cGreat Place to Work\u201d faz\u00a0com que Sara arrisque, ouse e aproveite todas as oportunidades. Em agosto desse ano, Sara aceitou um novo desafio de fazer a gest\u00e3o do departamento de marketing, uma nova \u00e1rea da empresa que vem ganhando corpo e desenvolvendo novos projetos. \u201cA Sara \u00e9 uma colaboradora muito envolvida e que acredita, vive e inspira outros a trabalharem e se desenvolverem dentro da cultura de trabalho da Logmed. Nestes 4 anos s\u00f3 tenho a agradecer a Sara pela [&hellip;]<\/p>\n","protected":false},"author":2,"featured_media":16590,"comment_status":"open","ping_status":"open","sticky":false,"template":"","format":"standard","meta":{"footnotes":""},"categories":[13],"tags":[],"class_list":["post-16589","post","type-post","status-publish","format-standard","has-post-thumbnail","hentry","category-souparte"],"_links":{"self":[{"href":"https:\/\/logmed.net\/index.php?rest_route=\/wp\/v2\/posts\/16589","targetHints":{"allow":["GET"]}}],"collection":[{"href":"https:\/\/logmed.net\/index.php?rest_route=\/wp\/v2\/posts"}],"about":[{"href":"https:\/\/logmed.net\/index.php?rest_route=\/wp\/v2\/types\/post"}],"author":[{"embeddable":true,"href":"https:\/\/logmed.net\/index.php?rest_route=\/wp\/v2\/users\/2"}],"replies":[{"embeddable":true,"href":"https:\/\/logmed.net\/index.php?rest_route=%2Fwp%2Fv2%2Fcomments&post=16589"}],"version-history":[{"count":0,"href":"https:\/\/logmed.net\/index.php?rest_route=\/wp\/v2\/posts\/16589\/revisions"}],"wp:featuredmedia":[{"embeddable":true,"href":"https:\/\/logmed.net\/index.php?rest_route=\/"}],"wp:attachment":[{"href":"https:\/\/logmed.net\/index.php?rest_route=%2Fwp%2Fv2%2Fmedia&parent=16589"}],"wp:term":[{"taxonomy":"category","embeddable":true,"href":"https:\/\/logmed.net\/index.php?rest_route=%2Fwp%2Fv2%2Fcategories&post=16589"},{"taxonomy":"post_tag","embeddable":true,"href":"https:\/\/logmed.net\/index.php?rest_route=%2Fwp%2Fv2%2Ftags&post=16589"}],"curies":[{"name":"wp","href":"https:\/\/api.w.org\/{rel}","templated":true}]}}