{"id":16537,"date":"2022-07-12T10:00:01","date_gmt":"2022-07-12T10:00:01","guid":{"rendered":"http:\/\/logmed.net\/?p=16537"},"modified":"2022-07-12T10:00:01","modified_gmt":"2022-07-12T10:00:01","slug":"sou-parte-conheca-felipe-sobreiro-analista-de-logistica-na-logmed-rio-de-janeiro","status":"publish","type":"post","link":"https:\/\/logmed.net\/?p=16537","title":{"rendered":"Sou Parte: conhe\u00e7a Felipe Sobreiro, analista de log\u00edstica na LogMed Rio de Janeiro"},"content":{"rendered":"<p><img loading=\"lazy\" decoding=\"async\" class=\" wp-image-16539 alignleft\" src=\"http:\/\/logmed.net\/wp-content\/uploads\/2022\/08\/1657646161886.jpeg\" alt=\"\" width=\"496\" height=\"496\" \/>No \u201cSou Parte\u201d de hoje, conhe\u00e7a a hist\u00f3ria de Felipe Sobreiro, analista de log\u00edstica na Logmed Rio de Janeiro.<\/p>\n<p>Felipe j\u00e1 est\u00e1 no time da Logmed h\u00e0 quatro anos. Come\u00e7ou sua trajet\u00f3ria na empresa, em 2018, como assistente de log\u00edstica para realiza\u00e7\u00e3o das contagens de consignado. Com um ano de atua\u00e7\u00e3o, foi promovido de forma horizontal por se destacar na fun\u00e7\u00e3o.<\/p>\n<p>H\u00e1 poucos meses, o colaborador foi realocado para a opera\u00e7\u00e3o interna, sendo respons\u00e1vel pela equipe de colaboradores que atendem um dos maiores clientes da unidade do Rio de Janeiro.<\/p>\n<p>Cordial, \u00edntegro e sol\u00edcito, Felipe se destacou em sua \u00e1rea de atua\u00e7\u00e3o e, recentemente, recebeu uma promo\u00e7\u00e3o vertical assumindo o cargo analista de log\u00edstica.<\/p>\n<p>\u201cFelipe \u00e9 um funcion\u00e1rio dedicado, esfor\u00e7ado e respons\u00e1vel. Busca, diariamente, aprender e ajudar ao pr\u00f3ximo, pensando no time como Logmed e n\u00e3o somente como a equipe a qual \u00e9 respons\u00e1vel. Acredito que ele possua potencial de crescimento e desenvolvimento no decorrer do tempo.\u201d, declara a coordenadora de log\u00edstica Marla Marques.<\/p>\n<p><a href=\"https:\/\/www.linkedin.com\/feed\/hashtag\/?keywords=souparte&amp;highlightedUpdateUrns=urn%3Ali%3Aactivity%3A6952671929669406720\" data-attribute-index=\"0\">#souparte<\/a>\u00a0<a href=\"https:\/\/www.linkedin.com\/feed\/hashtag\/?keywords=logmed&amp;highlightedUpdateUrns=urn%3Ali%3Aactivity%3A6952671929669406720\" data-attribute-index=\"1\">#logmed<\/a>\u00a0<a href=\"https:\/\/www.linkedin.com\/feed\/hashtag\/?keywords=gestaologistica&amp;highlightedUpdateUrns=urn%3Ali%3Aactivity%3A6952671929669406720\" data-attribute-index=\"2\">#gestaologistica<\/a>\u00a0<a href=\"https:\/\/www.linkedin.com\/feed\/hashtag\/?keywords=logisticahospitalar&amp;highlightedUpdateUrns=urn%3Ali%3Aactivity%3A6952671929669406720\" data-attribute-index=\"3\">#logisticahospitalar<\/a>\u00a0<a href=\"https:\/\/www.linkedin.com\/feed\/hashtag\/?keywords=salvarvidas&amp;highlightedUpdateUrns=urn%3Ali%3Aactivity%3A6952671929669406720\" data-attribute-index=\"4\">#salvarvidas<\/a><\/p>\n","protected":false},"excerpt":{"rendered":"<p>No \u201cSou Parte\u201d de hoje, conhe\u00e7a a hist\u00f3ria de Felipe Sobreiro, analista de log\u00edstica na Logmed Rio de Janeiro. Felipe j\u00e1 est\u00e1 no time da Logmed h\u00e0 quatro anos. Come\u00e7ou sua trajet\u00f3ria na empresa, em 2018, como assistente de log\u00edstica para realiza\u00e7\u00e3o das contagens de consignado. Com um ano de atua\u00e7\u00e3o, foi promovido de forma horizontal por se destacar na fun\u00e7\u00e3o. H\u00e1 poucos meses, o colaborador foi realocado para a opera\u00e7\u00e3o interna, sendo respons\u00e1vel pela equipe de colaboradores que atendem um dos maiores clientes da unidade do Rio de Janeiro. Cordial, \u00edntegro e sol\u00edcito, Felipe se destacou em sua \u00e1rea de atua\u00e7\u00e3o e, recentemente, recebeu uma promo\u00e7\u00e3o vertical assumindo o cargo analista de log\u00edstica. \u201cFelipe \u00e9 um funcion\u00e1rio dedicado, esfor\u00e7ado e respons\u00e1vel. Busca, diariamente, aprender e ajudar ao pr\u00f3ximo, pensando no time como Logmed e n\u00e3o somente como a equipe a qual \u00e9 respons\u00e1vel. Acredito que ele possua potencial de crescimento e desenvolvimento no decorrer do tempo.\u201d, declara a coordenadora de log\u00edstica Marla Marques. #souparte\u00a0#logmed\u00a0#gestaologistica\u00a0#logisticahospitalar\u00a0#salvarvidas<\/p>\n","protected":false},"author":2,"featured_media":16539,"comment_status":"open","ping_status":"open","sticky":false,"template":"","format":"standard","meta":{"footnotes":""},"categories":[13],"tags":[],"class_list":["post-16537","post","type-post","status-publish","format-standard","has-post-thumbnail","hentry","category-souparte"],"_links":{"self":[{"href":"https:\/\/logmed.net\/index.php?rest_route=\/wp\/v2\/posts\/16537","targetHints":{"allow":["GET"]}}],"collection":[{"href":"https:\/\/logmed.net\/index.php?rest_route=\/wp\/v2\/posts"}],"about":[{"href":"https:\/\/logmed.net\/index.php?rest_route=\/wp\/v2\/types\/post"}],"author":[{"embeddable":true,"href":"https:\/\/logmed.net\/index.php?rest_route=\/wp\/v2\/users\/2"}],"replies":[{"embeddable":true,"href":"https:\/\/logmed.net\/index.php?rest_route=%2Fwp%2Fv2%2Fcomments&post=16537"}],"version-history":[{"count":0,"href":"https:\/\/logmed.net\/index.php?rest_route=\/wp\/v2\/posts\/16537\/revisions"}],"wp:featuredmedia":[{"embeddable":true,"href":"https:\/\/logmed.net\/index.php?rest_route=\/"}],"wp:attachment":[{"href":"https:\/\/logmed.net\/index.php?rest_route=%2Fwp%2Fv2%2Fmedia&parent=16537"}],"wp:term":[{"taxonomy":"category","embeddable":true,"href":"https:\/\/logmed.net\/index.php?rest_route=%2Fwp%2Fv2%2Fcategories&post=16537"},{"taxonomy":"post_tag","embeddable":true,"href":"https:\/\/logmed.net\/index.php?rest_route=%2Fwp%2Fv2%2Ftags&post=16537"}],"curies":[{"name":"wp","href":"https:\/\/api.w.org\/{rel}","templated":true}]}}