{"id":16334,"date":"2022-02-04T12:16:09","date_gmt":"2022-02-04T12:16:09","guid":{"rendered":"http:\/\/logmed.net\/?p=16334"},"modified":"2022-02-04T12:16:09","modified_gmt":"2022-02-04T12:16:09","slug":"sou-parte-conheca-vanessa-santos-coordenadora-de-faturamento-na-logmed","status":"publish","type":"post","link":"https:\/\/logmed.net\/?p=16334","title":{"rendered":"Sou Parte: conhe\u00e7a Vanessa Santos, coordenadora de faturamento na LogMed"},"content":{"rendered":"<p><img loading=\"lazy\" decoding=\"async\" class=\" wp-image-16335 alignleft\" src=\"http:\/\/logmed.net\/wp-content\/uploads\/2022\/02\/1643918733262-1.jpeg\" alt=\"\" width=\"347\" height=\"347\" \/>A valoriza\u00e7\u00e3o do capital humano \u00e9 um dos grandes diferenciais nas empresas nos dias de hoje.<\/p>\n<p>A LogMed sempre acreditou que uma equipe unida, motivada e focada nos prop\u00f3sitos e valores da empresa \u00e9 o que fez o grupo trilhar uma trajet\u00f3ria de sucesso como uma das principais operadoras log\u00edsticas especializadas na \u00e1rea da sa\u00fade do pa\u00eds.<\/p>\n<p>A colaboradora que apresentaremos no \u201cSou Parte\u201d de hoje, mostra um pouco de como a trajet\u00f3ria de sucesso de um colaborador se mistura com a trajet\u00f3ria de crescimento de uma empresa.<\/p>\n<p>Conhe\u00e7a a hist\u00f3ria da Vanessa Carla dos Santos, colaboradora da unidade de S\u00e3o Jos\u00e9 dos Campos, que entrou na LogMed em 2009, quando a empresa tinha apenas um ano de exist\u00eancia.<\/p>\n<p>Ela come\u00e7ou sua carreira como faturista e recebeu promo\u00e7\u00f5es horizontais por m\u00e9rito e performance em seus primeiros anos de carreira. Em 2012, teve sua primeira promo\u00e7\u00e3o vertical e alcan\u00e7ou um novo patamar na empresa ao assumir o cargo de faturista pleno.<\/p>\n<p>No ano de 2016, Vanessa foi novamente promovida a L\u00edder de \u00e1rea e recentemente, em mar\u00e7o de 2021, se tornou Coordenadora de Faturamento e atua no time de Servi\u00e7os (Customer Service).<\/p>\n<p>Uma das principais habilidades da Vanessa \u00e9 ajudar no desenvolvimento profissional dos colaboradores. Ela conversa com o colaborador para identificar os potenciais que ele possui e ajuda a resgatar e aperfei\u00e7oar os talentos individuais visando melhoria de performance<\/p>\n<p>Hist\u00f3rias como a de Vanessa mostram como \u00e9 importante ter colaboradores comprometidos, focados, com senso de dono, felizes e interessados em fazer parte da hist\u00f3ria de sucesso e crescimento da empresa.<\/p>\n<p><a href=\"https:\/\/www.linkedin.com\/feed\/hashtag\/?keywords=souparte&amp;highlightedUpdateUrns=urn%3Ali%3Aactivity%3A6895094921968373760\" data-attribute-index=\"0\">#souparte<\/a>\u00a0<a href=\"https:\/\/www.linkedin.com\/feed\/hashtag\/?keywords=logisticaparasalvarvidas&amp;highlightedUpdateUrns=urn%3Ali%3Aactivity%3A6895094921968373760\" data-attribute-index=\"1\">#logisticaparasalvarvidas<\/a>\u00a0<a href=\"https:\/\/www.linkedin.com\/feed\/hashtag\/?keywords=logmed&amp;highlightedUpdateUrns=urn%3Ali%3Aactivity%3A6895094921968373760\" data-attribute-index=\"2\">#logmed<\/a>\u00a0<a href=\"https:\/\/www.linkedin.com\/feed\/hashtag\/?keywords=logisticahospitalar&amp;highlightedUpdateUrns=urn%3Ali%3Aactivity%3A6895094921968373760\" data-attribute-index=\"3\">#logisticahospitalar<\/a><\/p>\n","protected":false},"excerpt":{"rendered":"<p>A valoriza\u00e7\u00e3o do capital humano \u00e9 um dos grandes diferenciais nas empresas nos dias de hoje. A LogMed sempre acreditou que uma equipe unida, motivada e focada nos prop\u00f3sitos e valores da empresa \u00e9 o que fez o grupo trilhar uma trajet\u00f3ria de sucesso como uma das principais operadoras log\u00edsticas especializadas na \u00e1rea da sa\u00fade do pa\u00eds. A colaboradora que apresentaremos no \u201cSou Parte\u201d de hoje, mostra um pouco de como a trajet\u00f3ria de sucesso de um colaborador se mistura com a trajet\u00f3ria de crescimento de uma empresa. Conhe\u00e7a a hist\u00f3ria da Vanessa Carla dos Santos, colaboradora da unidade de S\u00e3o Jos\u00e9 dos Campos, que entrou na LogMed em 2009, quando a empresa tinha apenas um ano de exist\u00eancia. Ela come\u00e7ou sua carreira como faturista e recebeu promo\u00e7\u00f5es horizontais por m\u00e9rito e performance em seus primeiros anos de carreira. Em 2012, teve sua primeira promo\u00e7\u00e3o vertical e alcan\u00e7ou um novo patamar na empresa ao assumir o cargo de faturista pleno. No ano de 2016, Vanessa foi novamente promovida a L\u00edder de \u00e1rea e recentemente, em mar\u00e7o de 2021, se tornou Coordenadora de Faturamento e atua no time de Servi\u00e7os (Customer Service). Uma das principais habilidades da Vanessa \u00e9 ajudar no [&hellip;]<\/p>\n","protected":false},"author":2,"featured_media":16335,"comment_status":"open","ping_status":"open","sticky":false,"template":"","format":"standard","meta":{"footnotes":""},"categories":[13],"tags":[],"class_list":["post-16334","post","type-post","status-publish","format-standard","has-post-thumbnail","hentry","category-souparte"],"_links":{"self":[{"href":"https:\/\/logmed.net\/index.php?rest_route=\/wp\/v2\/posts\/16334","targetHints":{"allow":["GET"]}}],"collection":[{"href":"https:\/\/logmed.net\/index.php?rest_route=\/wp\/v2\/posts"}],"about":[{"href":"https:\/\/logmed.net\/index.php?rest_route=\/wp\/v2\/types\/post"}],"author":[{"embeddable":true,"href":"https:\/\/logmed.net\/index.php?rest_route=\/wp\/v2\/users\/2"}],"replies":[{"embeddable":true,"href":"https:\/\/logmed.net\/index.php?rest_route=%2Fwp%2Fv2%2Fcomments&post=16334"}],"version-history":[{"count":0,"href":"https:\/\/logmed.net\/index.php?rest_route=\/wp\/v2\/posts\/16334\/revisions"}],"wp:featuredmedia":[{"embeddable":true,"href":"https:\/\/logmed.net\/index.php?rest_route=\/"}],"wp:attachment":[{"href":"https:\/\/logmed.net\/index.php?rest_route=%2Fwp%2Fv2%2Fmedia&parent=16334"}],"wp:term":[{"taxonomy":"category","embeddable":true,"href":"https:\/\/logmed.net\/index.php?rest_route=%2Fwp%2Fv2%2Fcategories&post=16334"},{"taxonomy":"post_tag","embeddable":true,"href":"https:\/\/logmed.net\/index.php?rest_route=%2Fwp%2Fv2%2Ftags&post=16334"}],"curies":[{"name":"wp","href":"https:\/\/api.w.org\/{rel}","templated":true}]}}