{"id":1014,"date":"2021-06-11T12:00:42","date_gmt":"2021-06-11T15:00:42","guid":{"rendered":"http:\/\/logmed.net\/?p=1014"},"modified":"2021-06-11T12:00:42","modified_gmt":"2021-06-11T15:00:42","slug":"sou-parte-conheca-a-paola-assistente-administrativa-da-matriz-em-sao-jose-dos-campos","status":"publish","type":"post","link":"https:\/\/logmed.net\/?p=1014","title":{"rendered":"SOU PARTE: CONHE\u00c7A A PAOLA, ASSISTENTE ADMINISTRATIVA EM S\u00c3O JOS\u00c9 DOS CAMPOS"},"content":{"rendered":"<p>O \u201cSou Parte\u201d de hoje vai falar da Paola, 39 anos, casada, m\u00e3e de duas meninas e colaboradora da matriz de S\u00e3o Jos\u00e9 dos Campos.<\/p>\n<p>A Paola entrou na LogMed, em fevereiro de 2020, como auxiliar administrativa para cobrir um per\u00edodo de licen\u00e7a maternidade.<\/p>\n<p>Sua motiva\u00e7\u00e3o e seu desempenho n\u00e3o passaram desapercebidos. O contrato tempor\u00e1rio encerrou, mas fizemos quest\u00e3o de manter a Paola no time. Ela foi efetivada como assistente administrativa para assumir a recep\u00e7\u00e3o, secretariado da diretoria e compras de todo o grupo.<\/p>\n<p>O desenvolvimento de Paola n\u00e3o parou por ai! Em maio de 2021, ela recebeu uma nova promo\u00e7\u00e3o, agora como Assistente Administrativa III. Uma mudan\u00e7a n\u00e3o apenas de cargo, mas como novos desafios e responsabilidades. Paola agora tamb\u00e9m est\u00e1 \u00e0 frente das a\u00e7\u00f5es de sustentabilidade da empresa.<\/p>\n<p>A Paola, no projeto de redu\u00e7\u00e3o de custo, sugeriu a troca de copos descart\u00e1veis por canecas, a substitui\u00e7\u00e3o de papel toalha por secadores de m\u00e3o e a redu\u00e7\u00e3o de consumo de sulfite reutilizando para blocos e impress\u00f5es secund\u00e1rias.<\/p>\n<p>Todas as pequenas a\u00e7\u00f5es sustent\u00e1veis que visavam, inicialmente apenas redu\u00e7\u00e3o de custo, hoje fazem parte do projeto de sustentabilidade da empresa, mais conhecido como LOG SUSTENT\u00c1VEL.<\/p>\n<p>Colaboradores como os nossos, motivados, dedicados e dispostos a crescer e buscar melhorias para todo o grupo s\u00e3o motivo de orgulho para a LogMed.<\/p>\n<p><img loading=\"lazy\" decoding=\"async\" class=\"alignnone size-medium wp-image-1015\" src=\"http:\/\/logmed.net\/wp-content\/uploads\/2021\/07\/WhatsApp-Image-2021-05-28-at-11.45.31-1-600x600.jpeg\" alt=\"LOGMED COLABORADORES\" width=\"600\" height=\"600\" \/><\/p>\n<p><a class=\" xil3i\" tabindex=\"0\" href=\"https:\/\/www.instagram.com\/explore\/tags\/logisticaparasalvarvidas\/\">#logisticaparasalvarvidas<\/a>\u00a0<a class=\" xil3i\" tabindex=\"0\" href=\"https:\/\/www.instagram.com\/explore\/tags\/solucoeslogisticas\/\">#solucoeslogisticas<\/a>\u00a0<a class=\" xil3i\" tabindex=\"0\" href=\"https:\/\/www.instagram.com\/explore\/tags\/gestaocadeialogistica\/\">#gestaocadeialogistica<\/a>\u00a0<a class=\" xil3i\" tabindex=\"0\" href=\"https:\/\/www.instagram.com\/explore\/tags\/souparte\/\">#souparte<\/a>\u00a0<a class=\" xil3i\" tabindex=\"0\" href=\"https:\/\/www.instagram.com\/explore\/tags\/salvarvidas\/\">#salvarvidas<\/a>\u00a0<a class=\" xil3i\" tabindex=\"0\" href=\"https:\/\/www.instagram.com\/explore\/tags\/logsustentavel\/\">#logsustentavel<\/a><\/p>\n","protected":false},"excerpt":{"rendered":"<p>O \u201cSou Parte\u201d de hoje vai falar da Paola, 39 anos, casada, m\u00e3e de duas meninas e colaboradora da matriz de S\u00e3o Jos\u00e9 dos Campos. A Paola entrou na LogMed, em fevereiro de 2020, como auxiliar administrativa para cobrir um per\u00edodo de licen\u00e7a maternidade. Sua motiva\u00e7\u00e3o e seu desempenho n\u00e3o passaram desapercebidos. O contrato tempor\u00e1rio encerrou, mas fizemos quest\u00e3o de manter a Paola no time. Ela foi efetivada como assistente administrativa para assumir a recep\u00e7\u00e3o, secretariado da diretoria e compras de todo o grupo. O desenvolvimento de Paola n\u00e3o parou por ai! Em maio de 2021, ela recebeu uma nova promo\u00e7\u00e3o, agora como Assistente Administrativa III. Uma mudan\u00e7a n\u00e3o apenas de cargo, mas como novos desafios e responsabilidades. Paola agora tamb\u00e9m est\u00e1 \u00e0 frente das a\u00e7\u00f5es de sustentabilidade da empresa. A Paola, no projeto de redu\u00e7\u00e3o de custo, sugeriu a troca de copos descart\u00e1veis por canecas, a substitui\u00e7\u00e3o de papel toalha por secadores de m\u00e3o e a redu\u00e7\u00e3o de consumo de sulfite reutilizando para blocos e impress\u00f5es secund\u00e1rias. Todas as pequenas a\u00e7\u00f5es sustent\u00e1veis que visavam, inicialmente apenas redu\u00e7\u00e3o de custo, hoje fazem parte do projeto de sustentabilidade da empresa, mais conhecido como LOG SUSTENT\u00c1VEL. Colaboradores como os nossos, motivados, dedicados [&hellip;]<\/p>\n","protected":false},"author":2,"featured_media":15791,"comment_status":"open","ping_status":"open","sticky":false,"template":"","format":"standard","meta":{"footnotes":""},"categories":[13],"tags":[],"class_list":["post-1014","post","type-post","status-publish","format-standard","has-post-thumbnail","hentry","category-souparte"],"_links":{"self":[{"href":"https:\/\/logmed.net\/index.php?rest_route=\/wp\/v2\/posts\/1014","targetHints":{"allow":["GET"]}}],"collection":[{"href":"https:\/\/logmed.net\/index.php?rest_route=\/wp\/v2\/posts"}],"about":[{"href":"https:\/\/logmed.net\/index.php?rest_route=\/wp\/v2\/types\/post"}],"author":[{"embeddable":true,"href":"https:\/\/logmed.net\/index.php?rest_route=\/wp\/v2\/users\/2"}],"replies":[{"embeddable":true,"href":"https:\/\/logmed.net\/index.php?rest_route=%2Fwp%2Fv2%2Fcomments&post=1014"}],"version-history":[{"count":0,"href":"https:\/\/logmed.net\/index.php?rest_route=\/wp\/v2\/posts\/1014\/revisions"}],"wp:featuredmedia":[{"embeddable":true,"href":"https:\/\/logmed.net\/index.php?rest_route=\/wp\/v2\/media\/15791"}],"wp:attachment":[{"href":"https:\/\/logmed.net\/index.php?rest_route=%2Fwp%2Fv2%2Fmedia&parent=1014"}],"wp:term":[{"taxonomy":"category","embeddable":true,"href":"https:\/\/logmed.net\/index.php?rest_route=%2Fwp%2Fv2%2Fcategories&post=1014"},{"taxonomy":"post_tag","embeddable":true,"href":"https:\/\/logmed.net\/index.php?rest_route=%2Fwp%2Fv2%2Ftags&post=1014"}],"curies":[{"name":"wp","href":"https:\/\/api.w.org\/{rel}","templated":true}]}}